{"id":847,"date":"2026-08-30T10:21:21","date_gmt":"2026-08-30T08:21:21","guid":{"rendered":"https:\/\/sanz-avocat.com\/?p=847"},"modified":"2026-08-30T23:18:45","modified_gmt":"2026-08-30T21:18:45","slug":"concentrations-nouveaux-seuils-applicables-en-france-au-1er-septembre-2026","status":"publish","type":"post","link":"https:\/\/sanz-avocat.com\/index.php\/2026\/08\/30\/concentrations-nouveaux-seuils-applicables-en-france-au-1er-septembre-2026\/","title":{"rendered":"Concentrations : nouveaux seuils applicables en France au 1er septembre 2026"},"content":{"rendered":"\n<h3 class=\"wp-block-heading\"><strong>Quels seuils?<\/strong><\/h3>\n\n\n\n<p class=\"is-style-default has-medium-font-size wp-block-paragraph\">D\u00e8s le 1er septembre 2026, les nouveaux seuils de notification sont applicables (<em>loi n\u00b02026-403, 26 mai 2026<\/em>) :<\/p>\n\n\n\n<ul class=\"wp-block-list\">\n<li class=\"has-medium-font-size\">si les seuils UE ne sont pas atteints, l&rsquo;op\u00e9ration doit \u00eatre notifi\u00e9e \u00e0 l&rsquo;Autorit\u00e9 de la concurrence si les parties (acqu\u00e9reur(s), autres actionnaires de contr\u00f4le, et cible) ont un chiffre d&rsquo;affaires mondial consolid\u00e9 cumul\u00e9 &gt; 250 M\u20ac HT et si au moins deux de ces parties ont individuellement un chiffre d&rsquo;affaires consolid\u00e9 en France &gt; 80 M\u20ac HT ;<\/li>\n\n\n\n<li class=\"has-medium-font-size\">les seuils sp\u00e9cifiques pour le commerce de d\u00e9tail sont r\u00e9hauss\u00e9s : chiffre d&rsquo;affaires cumul\u00e9 des parties > 100 M\u20ac HT au niveau mondial, et chiffre d&rsquo;affaires individuel en France d&rsquo;au moins deux des parties dans le commerce de d\u00e9tail > 20 M\u20ac HT.<\/li>\n<\/ul>\n\n\n\n<p class=\"has-medium-font-size wp-block-paragraph\">Les seuils pour l&rsquo;outre-mer restent inchang\u00e9s :<\/p>\n\n\n\n<ul class=\"wp-block-list\">\n<li class=\"has-medium-font-size\">hors commerce de d\u00e9tail : chiffre d&rsquo;affaires cumul\u00e9 des parties > 75 M\u20ac HT au niveau mondial, et chiffre d&rsquo;affaires individuel en outre-mer d&rsquo;au moins deux des parties > 15 M\u20ac HT ; <\/li>\n\n\n\n<li class=\"has-medium-font-size\">pour le commerce de d\u00e9tail, chiffre d&rsquo;affaires total cumul\u00e9 des parties au niveau mondial >75 M\u20ac HT et chiffre d&rsquo;affaires individuel d&rsquo;au moins deux des parties > 5 M\u20ac HT dans le commerce de d\u00e9tail en outre-mer.<\/li>\n<\/ul>\n\n\n\n<figure class=\"wp-block-image alignwide size-large\"><img loading=\"lazy\" decoding=\"async\" width=\"1024\" height=\"462\" src=\"http:\/\/sanz-avocat.com\/wp-content\/uploads\/2026\/08\/Nouveaux-seuils-FR-1-1024x462.png\" alt=\"\" class=\"wp-image-691\" srcset=\"https:\/\/sanz-avocat.com\/wp-content\/uploads\/2026\/08\/Nouveaux-seuils-FR-1-1024x462.png 1024w, https:\/\/sanz-avocat.com\/wp-content\/uploads\/2026\/08\/Nouveaux-seuils-FR-1-300x135.png 300w, https:\/\/sanz-avocat.com\/wp-content\/uploads\/2026\/08\/Nouveaux-seuils-FR-1-767x346.png 767w, https:\/\/sanz-avocat.com\/wp-content\/uploads\/2026\/08\/Nouveaux-seuils-FR-1-1536x693.png 1536w, https:\/\/sanz-avocat.com\/wp-content\/uploads\/2026\/08\/Nouveaux-seuils-FR-1-2048x924.png 2048w\" sizes=\"auto, (max-width: 1024px) 100vw, 1024px\" \/><\/figure>\n\n\n\n<h3 class=\"wp-block-heading\"><strong>Gestion des nouveaux seuils selon le timing de l&rsquo;op\u00e9ration<\/strong><\/h3>\n\n\n\n<p class=\"has-medium-font-size wp-block-paragraph\">Les nouveaux seuils ne s&rsquo;appliquent qu&rsquo;aux op\u00e9rations notifi\u00e9es \u00e0 compter du 1er septembre 2026, c&rsquo;est-\u00e0-dire en pratique celles dont le closing interviendra apr\u00e8s cette date (voir <a href=\"https:\/\/www.autoritedelaconcurrence.fr\/sites\/default\/files\/FAQ%20Seuils_ADLC.pdf\">FAQ<\/a> de l&rsquo;Autorit\u00e9 de la concurrence).<\/p>\n\n\n\n<p class=\"has-medium-font-size wp-block-paragraph\">Tout oubli de notification d&rsquo;une op\u00e9ration r\u00e9alis\u00e9e avant le 1er septembre engendre un risque de sanction pour <em>gun jumping<\/em> d\u00e8s lors que les anciens seuils \u00e9taient applicables.<\/p>\n\n\n\n<p class=\"has-medium-font-size wp-block-paragraph\">Si vous avez d\u00e9j\u00e0 pr\u00e9-notifi\u00e9 ou notifi\u00e9 l&rsquo;op\u00e9ration avant cette date en vertu des anciens seuils, la proc\u00e9dure suivra son cours jusqu&rsquo;\u00e0 la d\u00e9cision de l&rsquo;Autorit\u00e9. Toutefois, si les parties n&rsquo;atteignent pas les nouveaux seuils, vous pouvez toujours retirer la pr\u00e9-notification ou la notification \u00e0 condition que l&rsquo;op\u00e9ration n&rsquo;ait pas \u00e9t\u00e9 r\u00e9alis\u00e9e de mani\u00e8re anticip\u00e9e avant le 1er septembre.<\/p>\n\n\n\n<div style=\"height:100px\" aria-hidden=\"true\" class=\"wp-block-spacer\"><\/div>\n\n\n\n<p class=\"has-text-align-left wp-block-paragraph\">Publi\u00e9 le 30.08.2026.<\/p>\n","protected":false},"excerpt":{"rendered":"<p>Quels seuils? D\u00e8s le 1er septembre 2026, les nouveaux seuils de notification sont applicables (loi n\u00b02026-403, 26 mai 2026) : Les seuils pour l&rsquo;outre-mer restent inchang\u00e9s : Gestion des nouveaux seuils selon le timing de l&rsquo;op\u00e9ration Les nouveaux seuils ne s&rsquo;appliquent qu&rsquo;aux op\u00e9rations notifi\u00e9es \u00e0 compter du 1er septembre 2026, c&rsquo;est-\u00e0-dire en pratique celles dont [&hellip;]<\/p>\n","protected":false},"author":1,"featured_media":848,"comment_status":"open","ping_status":"open","sticky":false,"template":"","format":"standard","meta":{"footnotes":""},"categories":[23],"tags":[],"class_list":["post-847","post","type-post","status-publish","format-standard","has-post-thumbnail","hentry","category-enjeux-concurrence-en-ma"],"yoast_head":"<!-- This site is optimized with the Yoast SEO plugin v28.3 - https:\/\/yoast.com\/product\/yoast-seo-wordpress\/ -->\n<title>Seuils de contr\u00f4le des concentrations en France : nouveaut\u00e9s - SANZ | AVOCAT<\/title>\n<meta name=\"description\" content=\"D\u00e9couvrez les nouveaux seuils de contr\u00f4le des concentrations en France qui entreront en vigueur le 1er septembre 2026.\" \/>\n<meta name=\"robots\" content=\"index, follow, max-snippet:-1, max-image-preview:large, max-video-preview:-1\" \/>\n<link rel=\"canonical\" href=\"https:\/\/sanz-avocat.com\/index.php\/2026\/08\/30\/concentrations-nouveaux-seuils-applicables-en-france-au-1er-septembre-2026\/\" \/>\n<meta property=\"og:locale\" content=\"fr_FR\" \/>\n<meta property=\"og:type\" content=\"article\" \/>\n<meta property=\"og:title\" content=\"Seuils de contr\u00f4le des concentrations en France : nouveaut\u00e9s - SANZ | AVOCAT\" \/>\n<meta property=\"og:description\" content=\"D\u00e9couvrez les nouveaux seuils de contr\u00f4le des concentrations en France qui entreront en vigueur le 1er septembre 2026.\" \/>\n<meta property=\"og:url\" content=\"https:\/\/sanz-avocat.com\/index.php\/2026\/08\/30\/concentrations-nouveaux-seuils-applicables-en-france-au-1er-septembre-2026\/\" \/>\n<meta property=\"og:site_name\" content=\"SANZ | AVOCAT\" \/>\n<meta property=\"article:published_time\" content=\"2026-08-30T08:21:21+00:00\" \/>\n<meta property=\"article:modified_time\" content=\"2026-08-30T21:18:45+00:00\" \/>\n<meta property=\"og:image\" content=\"https:\/\/sanz-avocat.com\/wp-content\/uploads\/2026\/08\/stairs-scaled.jpg\" \/>\n\t<meta property=\"og:image:width\" content=\"2560\" \/>\n\t<meta property=\"og:image:height\" content=\"1706\" \/>\n\t<meta property=\"og:image:type\" content=\"image\/jpeg\" \/>\n<meta name=\"author\" content=\"Arnaud Sanz\" \/>\n<meta name=\"twitter:card\" content=\"summary_large_image\" \/>\n<meta name=\"twitter:label1\" content=\"\u00c9crit par\" \/>\n\t<meta name=\"twitter:data1\" content=\"Arnaud Sanz\" \/>\n\t<meta name=\"twitter:label2\" content=\"Dur\u00e9e de lecture estim\u00e9e\" \/>\n\t<meta name=\"twitter:data2\" content=\"3 minutes\" \/>\n<script type=\"application\/ld+json\" class=\"yoast-schema-graph\">{\"@context\":\"https:\\\/\\\/schema.org\",\"@graph\":[{\"@type\":\"Article\",\"@id\":\"https:\\\/\\\/sanz-avocat.com\\\/index.php\\\/2026\\\/08\\\/30\\\/concentrations-nouveaux-seuils-applicables-en-france-au-1er-septembre-2026\\\/#article\",\"isPartOf\":{\"@id\":\"https:\\\/\\\/sanz-avocat.com\\\/index.php\\\/2026\\\/08\\\/30\\\/concentrations-nouveaux-seuils-applicables-en-france-au-1er-septembre-2026\\\/\"},\"author\":{\"name\":\"Arnaud Sanz\",\"@id\":\"https:\\\/\\\/sanz-avocat.com\\\/#\\\/schema\\\/person\\\/83c1734deb3842510e8244c3c8ee6d55\"},\"headline\":\"Concentrations : nouveaux seuils applicables en France au 1er septembre 2026\",\"datePublished\":\"2026-08-30T08:21:21+00:00\",\"dateModified\":\"2026-08-30T21:18:45+00:00\",\"mainEntityOfPage\":{\"@id\":\"https:\\\/\\\/sanz-avocat.com\\\/index.php\\\/2026\\\/08\\\/30\\\/concentrations-nouveaux-seuils-applicables-en-france-au-1er-septembre-2026\\\/\"},\"wordCount\":372,\"commentCount\":0,\"publisher\":{\"@id\":\"https:\\\/\\\/sanz-avocat.com\\\/#organization\"},\"image\":{\"@id\":\"https:\\\/\\\/sanz-avocat.com\\\/index.php\\\/2026\\\/08\\\/30\\\/concentrations-nouveaux-seuils-applicables-en-france-au-1er-septembre-2026\\\/#primaryimage\"},\"thumbnailUrl\":\"https:\\\/\\\/sanz-avocat.com\\\/wp-content\\\/uploads\\\/2026\\\/08\\\/stairs-scaled.jpg\",\"articleSection\":[\"Enjeux concurrence en M&amp;A\"],\"inLanguage\":\"fr-FR\",\"potentialAction\":[{\"@type\":\"CommentAction\",\"name\":\"Comment\",\"target\":[\"https:\\\/\\\/sanz-avocat.com\\\/index.php\\\/2026\\\/08\\\/30\\\/concentrations-nouveaux-seuils-applicables-en-france-au-1er-septembre-2026\\\/#respond\"]}]},{\"@type\":\"WebPage\",\"@id\":\"https:\\\/\\\/sanz-avocat.com\\\/index.php\\\/2026\\\/08\\\/30\\\/concentrations-nouveaux-seuils-applicables-en-france-au-1er-septembre-2026\\\/\",\"url\":\"https:\\\/\\\/sanz-avocat.com\\\/index.php\\\/2026\\\/08\\\/30\\\/concentrations-nouveaux-seuils-applicables-en-france-au-1er-septembre-2026\\\/\",\"name\":\"Seuils de contr\u00f4le des concentrations en France : nouveaut\u00e9s - SANZ | AVOCAT\",\"isPartOf\":{\"@id\":\"https:\\\/\\\/sanz-avocat.com\\\/#website\"},\"primaryImageOfPage\":{\"@id\":\"https:\\\/\\\/sanz-avocat.com\\\/index.php\\\/2026\\\/08\\\/30\\\/concentrations-nouveaux-seuils-applicables-en-france-au-1er-septembre-2026\\\/#primaryimage\"},\"image\":{\"@id\":\"https:\\\/\\\/sanz-avocat.com\\\/index.php\\\/2026\\\/08\\\/30\\\/concentrations-nouveaux-seuils-applicables-en-france-au-1er-septembre-2026\\\/#primaryimage\"},\"thumbnailUrl\":\"https:\\\/\\\/sanz-avocat.com\\\/wp-content\\\/uploads\\\/2026\\\/08\\\/stairs-scaled.jpg\",\"datePublished\":\"2026-08-30T08:21:21+00:00\",\"dateModified\":\"2026-08-30T21:18:45+00:00\",\"description\":\"D\u00e9couvrez les nouveaux seuils de contr\u00f4le des concentrations en France qui entreront en vigueur le 1er septembre 2026.\",\"breadcrumb\":{\"@id\":\"https:\\\/\\\/sanz-avocat.com\\\/index.php\\\/2026\\\/08\\\/30\\\/concentrations-nouveaux-seuils-applicables-en-france-au-1er-septembre-2026\\\/#breadcrumb\"},\"inLanguage\":\"fr-FR\",\"potentialAction\":[{\"@type\":\"ReadAction\",\"target\":[\"https:\\\/\\\/sanz-avocat.com\\\/index.php\\\/2026\\\/08\\\/30\\\/concentrations-nouveaux-seuils-applicables-en-france-au-1er-septembre-2026\\\/\"]}]},{\"@type\":\"ImageObject\",\"inLanguage\":\"fr-FR\",\"@id\":\"https:\\\/\\\/sanz-avocat.com\\\/index.php\\\/2026\\\/08\\\/30\\\/concentrations-nouveaux-seuils-applicables-en-france-au-1er-septembre-2026\\\/#primaryimage\",\"url\":\"https:\\\/\\\/sanz-avocat.com\\\/wp-content\\\/uploads\\\/2026\\\/08\\\/stairs-scaled.jpg\",\"contentUrl\":\"https:\\\/\\\/sanz-avocat.com\\\/wp-content\\\/uploads\\\/2026\\\/08\\\/stairs-scaled.jpg\",\"width\":2560,\"height\":1706},{\"@type\":\"BreadcrumbList\",\"@id\":\"https:\\\/\\\/sanz-avocat.com\\\/index.php\\\/2026\\\/08\\\/30\\\/concentrations-nouveaux-seuils-applicables-en-france-au-1er-septembre-2026\\\/#breadcrumb\",\"itemListElement\":[{\"@type\":\"ListItem\",\"position\":1,\"name\":\"Accueil\",\"item\":\"https:\\\/\\\/sanz-avocat.com\\\/\"},{\"@type\":\"ListItem\",\"position\":2,\"name\":\"Concentrations : nouveaux seuils applicables en France au 1er septembre 2026\"}]},{\"@type\":\"WebSite\",\"@id\":\"https:\\\/\\\/sanz-avocat.com\\\/#website\",\"url\":\"https:\\\/\\\/sanz-avocat.com\\\/\",\"name\":\"SANZ | AVOCAT\",\"description\":\"Le droit \u00e9conomique sur mesure\",\"publisher\":{\"@id\":\"https:\\\/\\\/sanz-avocat.com\\\/#organization\"},\"potentialAction\":[{\"@type\":\"SearchAction\",\"target\":{\"@type\":\"EntryPoint\",\"urlTemplate\":\"https:\\\/\\\/sanz-avocat.com\\\/?s={search_term_string}\"},\"query-input\":{\"@type\":\"PropertyValueSpecification\",\"valueRequired\":true,\"valueName\":\"search_term_string\"}}],\"inLanguage\":\"fr-FR\"},{\"@type\":\"Organization\",\"@id\":\"https:\\\/\\\/sanz-avocat.com\\\/#organization\",\"name\":\"SANZ | AVOCAT\",\"url\":\"https:\\\/\\\/sanz-avocat.com\\\/\",\"logo\":{\"@type\":\"ImageObject\",\"inLanguage\":\"fr-FR\",\"@id\":\"https:\\\/\\\/sanz-avocat.com\\\/#\\\/schema\\\/logo\\\/image\\\/\",\"url\":\"https:\\\/\\\/sanz-avocat.com\\\/wp-content\\\/uploads\\\/2026\\\/08\\\/Logo2-1.png\",\"contentUrl\":\"https:\\\/\\\/sanz-avocat.com\\\/wp-content\\\/uploads\\\/2026\\\/08\\\/Logo2-1.png\",\"width\":628,\"height\":450,\"caption\":\"SANZ | AVOCAT\"},\"image\":{\"@id\":\"https:\\\/\\\/sanz-avocat.com\\\/#\\\/schema\\\/logo\\\/image\\\/\"}},{\"@type\":\"Person\",\"@id\":\"https:\\\/\\\/sanz-avocat.com\\\/#\\\/schema\\\/person\\\/83c1734deb3842510e8244c3c8ee6d55\",\"name\":\"Arnaud Sanz\",\"pronouns\":\"il\",\"image\":{\"@type\":\"ImageObject\",\"inLanguage\":\"fr-FR\",\"@id\":\"https:\\\/\\\/secure.gravatar.com\\\/avatar\\\/d02419ea3b2818418c3cc90ab186b7c2dae9e4192b0a2427b743bc226a45227b?s=96&d=mm&r=g\",\"url\":\"https:\\\/\\\/secure.gravatar.com\\\/avatar\\\/d02419ea3b2818418c3cc90ab186b7c2dae9e4192b0a2427b743bc226a45227b?s=96&d=mm&r=g\",\"contentUrl\":\"https:\\\/\\\/secure.gravatar.com\\\/avatar\\\/d02419ea3b2818418c3cc90ab186b7c2dae9e4192b0a2427b743bc226a45227b?s=96&d=mm&r=g\",\"caption\":\"Arnaud Sanz\"},\"description\":\"Arnaud Sanz (cabinet SANZ | AVOCAT) est un avocat inscrit au Barreau de Paris, sp\u00e9cialis\u00e9 en droit de la concurrence, distribution, contrats et consommation. Apr\u00e8s avoir exerc\u00e9 en Droit Economique pendant plus de 20 ans dans des cabinets d\u2019avocats internationaux de r\u00e9f\u00e9rence, Arnaud Sanz met \u00e0 la disposition des entreprises une expertise de haut niveau, accessible et personnalis\u00e9e.\",\"sameAs\":[\"http:\\\/\\\/sanz-avocat.com\"],\"url\":\"https:\\\/\\\/sanz-avocat.com\\\/index.php\\\/author\\\/admin8802\\\/\"}]}<\/script>\n<!-- \/ Yoast SEO plugin. -->","yoast_head_json":{"title":"Seuils de contr\u00f4le des concentrations en France : nouveaut\u00e9s - SANZ | AVOCAT","description":"D\u00e9couvrez les nouveaux seuils de contr\u00f4le des concentrations en France qui entreront en vigueur le 1er septembre 2026.","robots":{"index":"index","follow":"follow","max-snippet":"max-snippet:-1","max-image-preview":"max-image-preview:large","max-video-preview":"max-video-preview:-1"},"canonical":"https:\/\/sanz-avocat.com\/index.php\/2026\/08\/30\/concentrations-nouveaux-seuils-applicables-en-france-au-1er-septembre-2026\/","og_locale":"fr_FR","og_type":"article","og_title":"Seuils de contr\u00f4le des concentrations en France : nouveaut\u00e9s - SANZ | AVOCAT","og_description":"D\u00e9couvrez les nouveaux seuils de contr\u00f4le des concentrations en France qui entreront en vigueur le 1er septembre 2026.","og_url":"https:\/\/sanz-avocat.com\/index.php\/2026\/08\/30\/concentrations-nouveaux-seuils-applicables-en-france-au-1er-septembre-2026\/","og_site_name":"SANZ | AVOCAT","article_published_time":"2026-08-30T08:21:21+00:00","article_modified_time":"2026-08-30T21:18:45+00:00","og_image":[{"width":2560,"height":1706,"url":"https:\/\/sanz-avocat.com\/wp-content\/uploads\/2026\/08\/stairs-scaled.jpg","type":"image\/jpeg"}],"author":"Arnaud Sanz","twitter_card":"summary_large_image","twitter_misc":{"\u00c9crit par":"Arnaud Sanz","Dur\u00e9e de lecture estim\u00e9e":"3 minutes"},"schema":{"@context":"https:\/\/schema.org","@graph":[{"@type":"Article","@id":"https:\/\/sanz-avocat.com\/index.php\/2026\/08\/30\/concentrations-nouveaux-seuils-applicables-en-france-au-1er-septembre-2026\/#article","isPartOf":{"@id":"https:\/\/sanz-avocat.com\/index.php\/2026\/08\/30\/concentrations-nouveaux-seuils-applicables-en-france-au-1er-septembre-2026\/"},"author":{"name":"Arnaud Sanz","@id":"https:\/\/sanz-avocat.com\/#\/schema\/person\/83c1734deb3842510e8244c3c8ee6d55"},"headline":"Concentrations : nouveaux seuils applicables en France au 1er septembre 2026","datePublished":"2026-08-30T08:21:21+00:00","dateModified":"2026-08-30T21:18:45+00:00","mainEntityOfPage":{"@id":"https:\/\/sanz-avocat.com\/index.php\/2026\/08\/30\/concentrations-nouveaux-seuils-applicables-en-france-au-1er-septembre-2026\/"},"wordCount":372,"commentCount":0,"publisher":{"@id":"https:\/\/sanz-avocat.com\/#organization"},"image":{"@id":"https:\/\/sanz-avocat.com\/index.php\/2026\/08\/30\/concentrations-nouveaux-seuils-applicables-en-france-au-1er-septembre-2026\/#primaryimage"},"thumbnailUrl":"https:\/\/sanz-avocat.com\/wp-content\/uploads\/2026\/08\/stairs-scaled.jpg","articleSection":["Enjeux concurrence en M&amp;A"],"inLanguage":"fr-FR","potentialAction":[{"@type":"CommentAction","name":"Comment","target":["https:\/\/sanz-avocat.com\/index.php\/2026\/08\/30\/concentrations-nouveaux-seuils-applicables-en-france-au-1er-septembre-2026\/#respond"]}]},{"@type":"WebPage","@id":"https:\/\/sanz-avocat.com\/index.php\/2026\/08\/30\/concentrations-nouveaux-seuils-applicables-en-france-au-1er-septembre-2026\/","url":"https:\/\/sanz-avocat.com\/index.php\/2026\/08\/30\/concentrations-nouveaux-seuils-applicables-en-france-au-1er-septembre-2026\/","name":"Seuils de contr\u00f4le des concentrations en France : nouveaut\u00e9s - SANZ | AVOCAT","isPartOf":{"@id":"https:\/\/sanz-avocat.com\/#website"},"primaryImageOfPage":{"@id":"https:\/\/sanz-avocat.com\/index.php\/2026\/08\/30\/concentrations-nouveaux-seuils-applicables-en-france-au-1er-septembre-2026\/#primaryimage"},"image":{"@id":"https:\/\/sanz-avocat.com\/index.php\/2026\/08\/30\/concentrations-nouveaux-seuils-applicables-en-france-au-1er-septembre-2026\/#primaryimage"},"thumbnailUrl":"https:\/\/sanz-avocat.com\/wp-content\/uploads\/2026\/08\/stairs-scaled.jpg","datePublished":"2026-08-30T08:21:21+00:00","dateModified":"2026-08-30T21:18:45+00:00","description":"D\u00e9couvrez les nouveaux seuils de contr\u00f4le des concentrations en France qui entreront en vigueur le 1er septembre 2026.","breadcrumb":{"@id":"https:\/\/sanz-avocat.com\/index.php\/2026\/08\/30\/concentrations-nouveaux-seuils-applicables-en-france-au-1er-septembre-2026\/#breadcrumb"},"inLanguage":"fr-FR","potentialAction":[{"@type":"ReadAction","target":["https:\/\/sanz-avocat.com\/index.php\/2026\/08\/30\/concentrations-nouveaux-seuils-applicables-en-france-au-1er-septembre-2026\/"]}]},{"@type":"ImageObject","inLanguage":"fr-FR","@id":"https:\/\/sanz-avocat.com\/index.php\/2026\/08\/30\/concentrations-nouveaux-seuils-applicables-en-france-au-1er-septembre-2026\/#primaryimage","url":"https:\/\/sanz-avocat.com\/wp-content\/uploads\/2026\/08\/stairs-scaled.jpg","contentUrl":"https:\/\/sanz-avocat.com\/wp-content\/uploads\/2026\/08\/stairs-scaled.jpg","width":2560,"height":1706},{"@type":"BreadcrumbList","@id":"https:\/\/sanz-avocat.com\/index.php\/2026\/08\/30\/concentrations-nouveaux-seuils-applicables-en-france-au-1er-septembre-2026\/#breadcrumb","itemListElement":[{"@type":"ListItem","position":1,"name":"Accueil","item":"https:\/\/sanz-avocat.com\/"},{"@type":"ListItem","position":2,"name":"Concentrations : nouveaux seuils applicables en France au 1er septembre 2026"}]},{"@type":"WebSite","@id":"https:\/\/sanz-avocat.com\/#website","url":"https:\/\/sanz-avocat.com\/","name":"SANZ | AVOCAT","description":"Le droit \u00e9conomique sur mesure","publisher":{"@id":"https:\/\/sanz-avocat.com\/#organization"},"potentialAction":[{"@type":"SearchAction","target":{"@type":"EntryPoint","urlTemplate":"https:\/\/sanz-avocat.com\/?s={search_term_string}"},"query-input":{"@type":"PropertyValueSpecification","valueRequired":true,"valueName":"search_term_string"}}],"inLanguage":"fr-FR"},{"@type":"Organization","@id":"https:\/\/sanz-avocat.com\/#organization","name":"SANZ | AVOCAT","url":"https:\/\/sanz-avocat.com\/","logo":{"@type":"ImageObject","inLanguage":"fr-FR","@id":"https:\/\/sanz-avocat.com\/#\/schema\/logo\/image\/","url":"https:\/\/sanz-avocat.com\/wp-content\/uploads\/2026\/08\/Logo2-1.png","contentUrl":"https:\/\/sanz-avocat.com\/wp-content\/uploads\/2026\/08\/Logo2-1.png","width":628,"height":450,"caption":"SANZ | AVOCAT"},"image":{"@id":"https:\/\/sanz-avocat.com\/#\/schema\/logo\/image\/"}},{"@type":"Person","@id":"https:\/\/sanz-avocat.com\/#\/schema\/person\/83c1734deb3842510e8244c3c8ee6d55","name":"Arnaud Sanz","pronouns":"il","image":{"@type":"ImageObject","inLanguage":"fr-FR","@id":"https:\/\/secure.gravatar.com\/avatar\/d02419ea3b2818418c3cc90ab186b7c2dae9e4192b0a2427b743bc226a45227b?s=96&d=mm&r=g","url":"https:\/\/secure.gravatar.com\/avatar\/d02419ea3b2818418c3cc90ab186b7c2dae9e4192b0a2427b743bc226a45227b?s=96&d=mm&r=g","contentUrl":"https:\/\/secure.gravatar.com\/avatar\/d02419ea3b2818418c3cc90ab186b7c2dae9e4192b0a2427b743bc226a45227b?s=96&d=mm&r=g","caption":"Arnaud Sanz"},"description":"Arnaud Sanz (cabinet SANZ | AVOCAT) est un avocat inscrit au Barreau de Paris, sp\u00e9cialis\u00e9 en droit de la concurrence, distribution, contrats et consommation. Apr\u00e8s avoir exerc\u00e9 en Droit Economique pendant plus de 20 ans dans des cabinets d\u2019avocats internationaux de r\u00e9f\u00e9rence, Arnaud Sanz met \u00e0 la disposition des entreprises une expertise de haut niveau, accessible et personnalis\u00e9e.","sameAs":["http:\/\/sanz-avocat.com"],"url":"https:\/\/sanz-avocat.com\/index.php\/author\/admin8802\/"}]}},"_links":{"self":[{"href":"https:\/\/sanz-avocat.com\/index.php\/wp-json\/wp\/v2\/posts\/847","targetHints":{"allow":["GET"]}}],"collection":[{"href":"https:\/\/sanz-avocat.com\/index.php\/wp-json\/wp\/v2\/posts"}],"about":[{"href":"https:\/\/sanz-avocat.com\/index.php\/wp-json\/wp\/v2\/types\/post"}],"author":[{"embeddable":true,"href":"https:\/\/sanz-avocat.com\/index.php\/wp-json\/wp\/v2\/users\/1"}],"replies":[{"embeddable":true,"href":"https:\/\/sanz-avocat.com\/index.php\/wp-json\/wp\/v2\/comments?post=847"}],"version-history":[{"count":7,"href":"https:\/\/sanz-avocat.com\/index.php\/wp-json\/wp\/v2\/posts\/847\/revisions"}],"predecessor-version":[{"id":941,"href":"https:\/\/sanz-avocat.com\/index.php\/wp-json\/wp\/v2\/posts\/847\/revisions\/941"}],"wp:featuredmedia":[{"embeddable":true,"href":"https:\/\/sanz-avocat.com\/index.php\/wp-json\/wp\/v2\/media\/848"}],"wp:attachment":[{"href":"https:\/\/sanz-avocat.com\/index.php\/wp-json\/wp\/v2\/media?parent=847"}],"wp:term":[{"taxonomy":"category","embeddable":true,"href":"https:\/\/sanz-avocat.com\/index.php\/wp-json\/wp\/v2\/categories?post=847"},{"taxonomy":"post_tag","embeddable":true,"href":"https:\/\/sanz-avocat.com\/index.php\/wp-json\/wp\/v2\/tags?post=847"}],"curies":[{"name":"wp","href":"https:\/\/api.w.org\/{rel}","templated":true}]}}