{"id":850,"date":"2026-08-30T10:56:59","date_gmt":"2026-08-30T08:56:59","guid":{"rendered":"https:\/\/sanz-avocat.com\/?p=850"},"modified":"2026-09-01T06:26:13","modified_gmt":"2026-09-01T04:26:13","slug":"concentrations-sous-les-seuils-mais-bientot-sous-controle-en-france","status":"publish","type":"post","link":"https:\/\/sanz-avocat.com\/index.php\/2026\/08\/30\/concentrations-sous-les-seuils-mais-bientot-sous-controle-en-france\/","title":{"rendered":"Concentrations : sous les seuils, mais bient\u00f4t sous contr\u00f4le en France ?"},"content":{"rendered":"\n<p class=\"has-medium-font-size wp-block-paragraph\">Malgr\u00e9 le <a href=\"https:\/\/sanz-avocat.com\/index.php\/2026\/08\/30\/concentrations-nouveaux-seuils-applicables-en-france-au-1er-septembre-2026\/\" data-type=\"link\" data-id=\"https:\/\/sanz-avocat.com\/index.php\/2026\/08\/30\/concentrations-nouveaux-seuils-applicables-en-france-au-1er-septembre-2026\/\">rel\u00e8vement des seuils<\/a> de notification des concentrations en France, les r\u00e9flexions en vue d&rsquo;un prochain contr\u00f4le des op\u00e9rations sous les seuils se poursuivent.<\/p>\n\n\n\n<h2 class=\"wp-block-heading has-medium-font-size\"><strong>Dans quel objectif? <\/strong><\/h2>\n\n\n\n<p class=\"has-medium-font-size wp-block-paragraph\">Comme le rappelle son <a href=\"https:\/\/www.autoritedelaconcurrence.fr\/sites\/default\/files\/2026-08\/ADLC_RA2025_270826-final.pdf\">Rapport annuel 2025<\/a> publi\u00e9 en juillet 2026, l&rsquo;Autorit\u00e9 de la concurrence continue de militer en faveur de l\u2019introduction d\u2019un pouvoir d\u2019\u00e9vocation (\u00ab\u00a0call-in \u00bb) pour lui permettre d\u2019examiner certaines op\u00e9rations non soumises \u00e0 notification obligatoire. <\/p>\n\n\n\n<p class=\"has-medium-font-size wp-block-paragraph\">L\u2019objectif est notamment d\u2019\u00e9viter que des acquisitions portant sur des entreprises encore peu g\u00e9n\u00e9ratrices de chiffre d\u2019affaires, mais pr\u00e9sentant un potentiel concurrentiel important, \u00e9chappent au contr\u00f4le des concentrations \u2014 en particulier dans les secteurs du num\u00e9rique, de la sant\u00e9 et des biotechnologies.<\/p>\n\n\n\n<h2 class=\"wp-block-heading has-medium-font-size\"><strong>Quels seraient les crit\u00e8res?<\/strong><\/h2>\n\n\n\n<p class=\"has-medium-font-size wp-block-paragraph\">Pour m\u00e9moire, \u00e0 l\u2019issue de la consultation publique men\u00e9e en 2025, l\u2019Autorit\u00e9 privil\u00e9gie un m\u00e9canisme cibl\u00e9 et encadr\u00e9, reposant sur plusieurs crit\u00e8res cumulatifs&nbsp;:<\/p>\n\n\n\n<ul class=\"wp-block-list\">\n<li class=\"has-medium-font-size\">un seuil de chiffre d\u2019affaires identifiable,<\/li>\n\n\n\n<li class=\"has-medium-font-size\">un lien suffisant avec le territoire fran\u00e7ais, <\/li>\n\n\n\n<li class=\"has-medium-font-size\">l\u2019existence d\u2019un risque concurrentiel, et <\/li>\n\n\n\n<li class=\"has-medium-font-size\">des d\u00e9lais d\u2019intervention courts.<\/li>\n<\/ul>\n\n\n\n<h2 class=\"wp-block-heading has-medium-font-size\"><strong>Sur quel fondement?<\/strong><\/h2>\n\n\n\n<p class=\"has-medium-font-size wp-block-paragraph\">L&rsquo;adoption de ce dispositif n\u00e9cessitera toutefois une r\u00e9forme du Code de commerce, et l&rsquo;Autorit\u00e9 a d&rsquo;ores et d\u00e9j\u00e0 annonc\u00e9 qu&rsquo;elle publierait dans ce cas des lignes directrices pour en pr\u00e9ciser les conditions d\u2019application et renforcer la pr\u00e9visibilit\u00e9 pour les entreprises.<\/p>\n\n\n\n<h2 class=\"wp-block-heading has-medium-font-size\"><strong>Quelles cons\u00e9quences en M&amp;A?<\/strong><\/h2>\n\n\n\n<p class=\"has-medium-font-size wp-block-paragraph\">Si ce dispositif est adopt\u00e9, le seul constat qu\u2019une acquisition se situe sous les seuils de notification ne suffira plus \u00e0 \u00e9carter le risque d\u2019un contr\u00f4le pr\u00e9alable en France.<\/p>\n\n\n\n<p class=\"has-medium-font-size wp-block-paragraph\">Pour les op\u00e9rations susceptibles d\u2019affecter sensiblement la concurrence \u2014 notamment l\u2019acquisition d\u2019un acteur innovant, \u00e9mergent ou en forte croissance par un op\u00e9rateur d\u00e9j\u00e0 puissant \u2014 il conviendra donc d\u2019int\u00e9grer le risque d\u2019\u00e9vocation dans le calendrier de l\u2019op\u00e9ration d\u00e8s l\u2019analyse de contr\u00f4labilit\u00e9.<\/p>\n\n\n\n<p class=\"has-medium-font-size wp-block-paragraph\">Au demeurant, la France ne serait pas isol\u00e9e et ce risque existe d\u00e9j\u00e0 \u00e0 l&rsquo;international&nbsp;: dix \u00c9tats membres de l\u2019Espace \u00e9conomique europ\u00e9en disposent de m\u00e9canismes comparables permettant de contr\u00f4ler certaines concentrations situ\u00e9es sous les seuils ordinaires de notification (le Danemark, la Hongrie, l\u2019Irlande, l\u2019Italie, l\u2019Islande, la Lettonie, la Lituanie, la Norv\u00e8ge, la Slov\u00e9nie et la Su\u00e8de), et d&rsquo;autres \u00c9tats envisagent \u00e9galement de s&rsquo;engager dans cette voie.<\/p>\n\n\n\n<p class=\"wp-block-paragraph\">Publi\u00e9 le 30.08.2026.<\/p>\n","protected":false},"excerpt":{"rendered":"<p>Malgr\u00e9 le rel\u00e8vement des seuils de notification des concentrations en France, les r\u00e9flexions en vue d&rsquo;un prochain contr\u00f4le des op\u00e9rations sous les seuils se poursuivent. Dans quel objectif? Comme le rappelle son Rapport annuel 2025 publi\u00e9 en juillet 2026, l&rsquo;Autorit\u00e9 de la concurrence continue de militer en faveur de l\u2019introduction d\u2019un pouvoir d\u2019\u00e9vocation (\u00ab\u00a0call-in \u00bb) [&hellip;]<\/p>\n","protected":false},"author":1,"featured_media":851,"comment_status":"open","ping_status":"open","sticky":false,"template":"","format":"standard","meta":{"footnotes":""},"categories":[23],"tags":[],"class_list":["post-850","post","type-post","status-publish","format-standard","has-post-thumbnail","hentry","category-enjeux-concurrence-en-ma"],"yoast_head":"<!-- This site is optimized with the Yoast SEO plugin v28.3 - https:\/\/yoast.com\/product\/yoast-seo-wordpress\/ -->\n<title>Concentrations sous les seuils en France : Enjeux - SANZ | AVOCAT<\/title>\n<meta name=\"description\" content=\"Les concentrations sous les seuils en France : enjeux et m\u00e9canismes propos\u00e9s pour renforcer la surveillance des acquisitions.\" \/>\n<meta name=\"robots\" content=\"index, follow, max-snippet:-1, max-image-preview:large, max-video-preview:-1\" \/>\n<link rel=\"canonical\" href=\"https:\/\/sanz-avocat.com\/index.php\/2026\/08\/30\/concentrations-sous-les-seuils-mais-bientot-sous-controle-en-france\/\" \/>\n<meta property=\"og:locale\" content=\"fr_FR\" \/>\n<meta property=\"og:type\" content=\"article\" \/>\n<meta property=\"og:title\" content=\"Concentrations sous les seuils en France : Enjeux - SANZ | AVOCAT\" \/>\n<meta property=\"og:description\" content=\"Les concentrations sous les seuils en France : enjeux et m\u00e9canismes propos\u00e9s pour renforcer la surveillance des acquisitions.\" \/>\n<meta property=\"og:url\" content=\"https:\/\/sanz-avocat.com\/index.php\/2026\/08\/30\/concentrations-sous-les-seuils-mais-bientot-sous-controle-en-france\/\" \/>\n<meta property=\"og:site_name\" content=\"SANZ | AVOCAT\" \/>\n<meta property=\"article:published_time\" content=\"2026-08-30T08:56:59+00:00\" \/>\n<meta property=\"article:modified_time\" content=\"2026-09-01T04:26:13+00:00\" \/>\n<meta property=\"og:image\" content=\"http:\/\/sanz-avocat.com\/wp-content\/uploads\/2026\/08\/sous-les-seuils-scaled.jpg\" \/>\n\t<meta property=\"og:image:width\" content=\"1920\" \/>\n\t<meta property=\"og:image:height\" content=\"2560\" \/>\n\t<meta property=\"og:image:type\" content=\"image\/jpeg\" \/>\n<meta name=\"author\" content=\"Arnaud Sanz\" \/>\n<meta name=\"twitter:card\" content=\"summary_large_image\" \/>\n<meta name=\"twitter:label1\" content=\"\u00c9crit par\" \/>\n\t<meta name=\"twitter:data1\" content=\"Arnaud Sanz\" \/>\n\t<meta name=\"twitter:label2\" content=\"Dur\u00e9e de lecture estim\u00e9e\" \/>\n\t<meta name=\"twitter:data2\" content=\"2 minutes\" \/>\n<script type=\"application\/ld+json\" class=\"yoast-schema-graph\">{\"@context\":\"https:\\\/\\\/schema.org\",\"@graph\":[{\"@type\":\"Article\",\"@id\":\"https:\\\/\\\/sanz-avocat.com\\\/index.php\\\/2026\\\/08\\\/30\\\/concentrations-sous-les-seuils-mais-bientot-sous-controle-en-france\\\/#article\",\"isPartOf\":{\"@id\":\"https:\\\/\\\/sanz-avocat.com\\\/index.php\\\/2026\\\/08\\\/30\\\/concentrations-sous-les-seuils-mais-bientot-sous-controle-en-france\\\/\"},\"author\":{\"name\":\"Arnaud Sanz\",\"@id\":\"https:\\\/\\\/sanz-avocat.com\\\/#\\\/schema\\\/person\\\/83c1734deb3842510e8244c3c8ee6d55\"},\"headline\":\"Concentrations : sous les seuils, mais bient\u00f4t sous contr\u00f4le en France ?\",\"datePublished\":\"2026-08-30T08:56:59+00:00\",\"dateModified\":\"2026-09-01T04:26:13+00:00\",\"mainEntityOfPage\":{\"@id\":\"https:\\\/\\\/sanz-avocat.com\\\/index.php\\\/2026\\\/08\\\/30\\\/concentrations-sous-les-seuils-mais-bientot-sous-controle-en-france\\\/\"},\"wordCount\":425,\"commentCount\":0,\"publisher\":{\"@id\":\"https:\\\/\\\/sanz-avocat.com\\\/#organization\"},\"image\":{\"@id\":\"https:\\\/\\\/sanz-avocat.com\\\/index.php\\\/2026\\\/08\\\/30\\\/concentrations-sous-les-seuils-mais-bientot-sous-controle-en-france\\\/#primaryimage\"},\"thumbnailUrl\":\"https:\\\/\\\/sanz-avocat.com\\\/wp-content\\\/uploads\\\/2026\\\/08\\\/sous-les-seuils-scaled.jpg\",\"articleSection\":[\"Enjeux concurrence en M&amp;A\"],\"inLanguage\":\"fr-FR\",\"potentialAction\":[{\"@type\":\"CommentAction\",\"name\":\"Comment\",\"target\":[\"https:\\\/\\\/sanz-avocat.com\\\/index.php\\\/2026\\\/08\\\/30\\\/concentrations-sous-les-seuils-mais-bientot-sous-controle-en-france\\\/#respond\"]}]},{\"@type\":\"WebPage\",\"@id\":\"https:\\\/\\\/sanz-avocat.com\\\/index.php\\\/2026\\\/08\\\/30\\\/concentrations-sous-les-seuils-mais-bientot-sous-controle-en-france\\\/\",\"url\":\"https:\\\/\\\/sanz-avocat.com\\\/index.php\\\/2026\\\/08\\\/30\\\/concentrations-sous-les-seuils-mais-bientot-sous-controle-en-france\\\/\",\"name\":\"Concentrations sous les seuils en France : Enjeux - SANZ | AVOCAT\",\"isPartOf\":{\"@id\":\"https:\\\/\\\/sanz-avocat.com\\\/#website\"},\"primaryImageOfPage\":{\"@id\":\"https:\\\/\\\/sanz-avocat.com\\\/index.php\\\/2026\\\/08\\\/30\\\/concentrations-sous-les-seuils-mais-bientot-sous-controle-en-france\\\/#primaryimage\"},\"image\":{\"@id\":\"https:\\\/\\\/sanz-avocat.com\\\/index.php\\\/2026\\\/08\\\/30\\\/concentrations-sous-les-seuils-mais-bientot-sous-controle-en-france\\\/#primaryimage\"},\"thumbnailUrl\":\"https:\\\/\\\/sanz-avocat.com\\\/wp-content\\\/uploads\\\/2026\\\/08\\\/sous-les-seuils-scaled.jpg\",\"datePublished\":\"2026-08-30T08:56:59+00:00\",\"dateModified\":\"2026-09-01T04:26:13+00:00\",\"description\":\"Les concentrations sous les seuils en France : enjeux et m\u00e9canismes propos\u00e9s pour renforcer la surveillance des acquisitions.\",\"breadcrumb\":{\"@id\":\"https:\\\/\\\/sanz-avocat.com\\\/index.php\\\/2026\\\/08\\\/30\\\/concentrations-sous-les-seuils-mais-bientot-sous-controle-en-france\\\/#breadcrumb\"},\"inLanguage\":\"fr-FR\",\"potentialAction\":[{\"@type\":\"ReadAction\",\"target\":[\"https:\\\/\\\/sanz-avocat.com\\\/index.php\\\/2026\\\/08\\\/30\\\/concentrations-sous-les-seuils-mais-bientot-sous-controle-en-france\\\/\"]}]},{\"@type\":\"ImageObject\",\"inLanguage\":\"fr-FR\",\"@id\":\"https:\\\/\\\/sanz-avocat.com\\\/index.php\\\/2026\\\/08\\\/30\\\/concentrations-sous-les-seuils-mais-bientot-sous-controle-en-france\\\/#primaryimage\",\"url\":\"https:\\\/\\\/sanz-avocat.com\\\/wp-content\\\/uploads\\\/2026\\\/08\\\/sous-les-seuils-scaled.jpg\",\"contentUrl\":\"https:\\\/\\\/sanz-avocat.com\\\/wp-content\\\/uploads\\\/2026\\\/08\\\/sous-les-seuils-scaled.jpg\",\"width\":1920,\"height\":2560},{\"@type\":\"BreadcrumbList\",\"@id\":\"https:\\\/\\\/sanz-avocat.com\\\/index.php\\\/2026\\\/08\\\/30\\\/concentrations-sous-les-seuils-mais-bientot-sous-controle-en-france\\\/#breadcrumb\",\"itemListElement\":[{\"@type\":\"ListItem\",\"position\":1,\"name\":\"Accueil\",\"item\":\"https:\\\/\\\/sanz-avocat.com\\\/\"},{\"@type\":\"ListItem\",\"position\":2,\"name\":\"Concentrations : sous les seuils, mais bient\u00f4t sous contr\u00f4le en France ?\"}]},{\"@type\":\"WebSite\",\"@id\":\"https:\\\/\\\/sanz-avocat.com\\\/#website\",\"url\":\"https:\\\/\\\/sanz-avocat.com\\\/\",\"name\":\"SANZ | AVOCAT\",\"description\":\"Le droit \u00e9conomique sur mesure\",\"publisher\":{\"@id\":\"https:\\\/\\\/sanz-avocat.com\\\/#organization\"},\"potentialAction\":[{\"@type\":\"SearchAction\",\"target\":{\"@type\":\"EntryPoint\",\"urlTemplate\":\"https:\\\/\\\/sanz-avocat.com\\\/?s={search_term_string}\"},\"query-input\":{\"@type\":\"PropertyValueSpecification\",\"valueRequired\":true,\"valueName\":\"search_term_string\"}}],\"inLanguage\":\"fr-FR\"},{\"@type\":\"Organization\",\"@id\":\"https:\\\/\\\/sanz-avocat.com\\\/#organization\",\"name\":\"SANZ | AVOCAT\",\"url\":\"https:\\\/\\\/sanz-avocat.com\\\/\",\"logo\":{\"@type\":\"ImageObject\",\"inLanguage\":\"fr-FR\",\"@id\":\"https:\\\/\\\/sanz-avocat.com\\\/#\\\/schema\\\/logo\\\/image\\\/\",\"url\":\"https:\\\/\\\/sanz-avocat.com\\\/wp-content\\\/uploads\\\/2026\\\/08\\\/Logo2-1.png\",\"contentUrl\":\"https:\\\/\\\/sanz-avocat.com\\\/wp-content\\\/uploads\\\/2026\\\/08\\\/Logo2-1.png\",\"width\":628,\"height\":450,\"caption\":\"SANZ | AVOCAT\"},\"image\":{\"@id\":\"https:\\\/\\\/sanz-avocat.com\\\/#\\\/schema\\\/logo\\\/image\\\/\"}},{\"@type\":\"Person\",\"@id\":\"https:\\\/\\\/sanz-avocat.com\\\/#\\\/schema\\\/person\\\/83c1734deb3842510e8244c3c8ee6d55\",\"name\":\"Arnaud Sanz\",\"pronouns\":\"il\",\"image\":{\"@type\":\"ImageObject\",\"inLanguage\":\"fr-FR\",\"@id\":\"https:\\\/\\\/secure.gravatar.com\\\/avatar\\\/d02419ea3b2818418c3cc90ab186b7c2dae9e4192b0a2427b743bc226a45227b?s=96&d=mm&r=g\",\"url\":\"https:\\\/\\\/secure.gravatar.com\\\/avatar\\\/d02419ea3b2818418c3cc90ab186b7c2dae9e4192b0a2427b743bc226a45227b?s=96&d=mm&r=g\",\"contentUrl\":\"https:\\\/\\\/secure.gravatar.com\\\/avatar\\\/d02419ea3b2818418c3cc90ab186b7c2dae9e4192b0a2427b743bc226a45227b?s=96&d=mm&r=g\",\"caption\":\"Arnaud Sanz\"},\"description\":\"Arnaud Sanz (cabinet SANZ | AVOCAT) est un avocat inscrit au Barreau de Paris, sp\u00e9cialis\u00e9 en droit de la concurrence, distribution, contrats et consommation. Apr\u00e8s avoir exerc\u00e9 en Droit Economique pendant plus de 20 ans dans des cabinets d\u2019avocats internationaux de r\u00e9f\u00e9rence, Arnaud Sanz met \u00e0 la disposition des entreprises une expertise de haut niveau, accessible et personnalis\u00e9e.\",\"sameAs\":[\"http:\\\/\\\/sanz-avocat.com\"],\"url\":\"https:\\\/\\\/sanz-avocat.com\\\/index.php\\\/author\\\/admin8802\\\/\"}]}<\/script>\n<!-- \/ Yoast SEO plugin. -->","yoast_head_json":{"title":"Concentrations sous les seuils en France : Enjeux - SANZ | AVOCAT","description":"Les concentrations sous les seuils en France : enjeux et m\u00e9canismes propos\u00e9s pour renforcer la surveillance des acquisitions.","robots":{"index":"index","follow":"follow","max-snippet":"max-snippet:-1","max-image-preview":"max-image-preview:large","max-video-preview":"max-video-preview:-1"},"canonical":"https:\/\/sanz-avocat.com\/index.php\/2026\/08\/30\/concentrations-sous-les-seuils-mais-bientot-sous-controle-en-france\/","og_locale":"fr_FR","og_type":"article","og_title":"Concentrations sous les seuils en France : Enjeux - SANZ | AVOCAT","og_description":"Les concentrations sous les seuils en France : enjeux et m\u00e9canismes propos\u00e9s pour renforcer la surveillance des acquisitions.","og_url":"https:\/\/sanz-avocat.com\/index.php\/2026\/08\/30\/concentrations-sous-les-seuils-mais-bientot-sous-controle-en-france\/","og_site_name":"SANZ | AVOCAT","article_published_time":"2026-08-30T08:56:59+00:00","article_modified_time":"2026-09-01T04:26:13+00:00","og_image":[{"width":1920,"height":2560,"url":"http:\/\/sanz-avocat.com\/wp-content\/uploads\/2026\/08\/sous-les-seuils-scaled.jpg","type":"image\/jpeg"}],"author":"Arnaud Sanz","twitter_card":"summary_large_image","twitter_misc":{"\u00c9crit par":"Arnaud Sanz","Dur\u00e9e de lecture estim\u00e9e":"2 minutes"},"schema":{"@context":"https:\/\/schema.org","@graph":[{"@type":"Article","@id":"https:\/\/sanz-avocat.com\/index.php\/2026\/08\/30\/concentrations-sous-les-seuils-mais-bientot-sous-controle-en-france\/#article","isPartOf":{"@id":"https:\/\/sanz-avocat.com\/index.php\/2026\/08\/30\/concentrations-sous-les-seuils-mais-bientot-sous-controle-en-france\/"},"author":{"name":"Arnaud Sanz","@id":"https:\/\/sanz-avocat.com\/#\/schema\/person\/83c1734deb3842510e8244c3c8ee6d55"},"headline":"Concentrations : sous les seuils, mais bient\u00f4t sous contr\u00f4le en France ?","datePublished":"2026-08-30T08:56:59+00:00","dateModified":"2026-09-01T04:26:13+00:00","mainEntityOfPage":{"@id":"https:\/\/sanz-avocat.com\/index.php\/2026\/08\/30\/concentrations-sous-les-seuils-mais-bientot-sous-controle-en-france\/"},"wordCount":425,"commentCount":0,"publisher":{"@id":"https:\/\/sanz-avocat.com\/#organization"},"image":{"@id":"https:\/\/sanz-avocat.com\/index.php\/2026\/08\/30\/concentrations-sous-les-seuils-mais-bientot-sous-controle-en-france\/#primaryimage"},"thumbnailUrl":"https:\/\/sanz-avocat.com\/wp-content\/uploads\/2026\/08\/sous-les-seuils-scaled.jpg","articleSection":["Enjeux concurrence en M&amp;A"],"inLanguage":"fr-FR","potentialAction":[{"@type":"CommentAction","name":"Comment","target":["https:\/\/sanz-avocat.com\/index.php\/2026\/08\/30\/concentrations-sous-les-seuils-mais-bientot-sous-controle-en-france\/#respond"]}]},{"@type":"WebPage","@id":"https:\/\/sanz-avocat.com\/index.php\/2026\/08\/30\/concentrations-sous-les-seuils-mais-bientot-sous-controle-en-france\/","url":"https:\/\/sanz-avocat.com\/index.php\/2026\/08\/30\/concentrations-sous-les-seuils-mais-bientot-sous-controle-en-france\/","name":"Concentrations sous les seuils en France : Enjeux - SANZ | AVOCAT","isPartOf":{"@id":"https:\/\/sanz-avocat.com\/#website"},"primaryImageOfPage":{"@id":"https:\/\/sanz-avocat.com\/index.php\/2026\/08\/30\/concentrations-sous-les-seuils-mais-bientot-sous-controle-en-france\/#primaryimage"},"image":{"@id":"https:\/\/sanz-avocat.com\/index.php\/2026\/08\/30\/concentrations-sous-les-seuils-mais-bientot-sous-controle-en-france\/#primaryimage"},"thumbnailUrl":"https:\/\/sanz-avocat.com\/wp-content\/uploads\/2026\/08\/sous-les-seuils-scaled.jpg","datePublished":"2026-08-30T08:56:59+00:00","dateModified":"2026-09-01T04:26:13+00:00","description":"Les concentrations sous les seuils en France : enjeux et m\u00e9canismes propos\u00e9s pour renforcer la surveillance des acquisitions.","breadcrumb":{"@id":"https:\/\/sanz-avocat.com\/index.php\/2026\/08\/30\/concentrations-sous-les-seuils-mais-bientot-sous-controle-en-france\/#breadcrumb"},"inLanguage":"fr-FR","potentialAction":[{"@type":"ReadAction","target":["https:\/\/sanz-avocat.com\/index.php\/2026\/08\/30\/concentrations-sous-les-seuils-mais-bientot-sous-controle-en-france\/"]}]},{"@type":"ImageObject","inLanguage":"fr-FR","@id":"https:\/\/sanz-avocat.com\/index.php\/2026\/08\/30\/concentrations-sous-les-seuils-mais-bientot-sous-controle-en-france\/#primaryimage","url":"https:\/\/sanz-avocat.com\/wp-content\/uploads\/2026\/08\/sous-les-seuils-scaled.jpg","contentUrl":"https:\/\/sanz-avocat.com\/wp-content\/uploads\/2026\/08\/sous-les-seuils-scaled.jpg","width":1920,"height":2560},{"@type":"BreadcrumbList","@id":"https:\/\/sanz-avocat.com\/index.php\/2026\/08\/30\/concentrations-sous-les-seuils-mais-bientot-sous-controle-en-france\/#breadcrumb","itemListElement":[{"@type":"ListItem","position":1,"name":"Accueil","item":"https:\/\/sanz-avocat.com\/"},{"@type":"ListItem","position":2,"name":"Concentrations : sous les seuils, mais bient\u00f4t sous contr\u00f4le en France ?"}]},{"@type":"WebSite","@id":"https:\/\/sanz-avocat.com\/#website","url":"https:\/\/sanz-avocat.com\/","name":"SANZ | AVOCAT","description":"Le droit \u00e9conomique sur mesure","publisher":{"@id":"https:\/\/sanz-avocat.com\/#organization"},"potentialAction":[{"@type":"SearchAction","target":{"@type":"EntryPoint","urlTemplate":"https:\/\/sanz-avocat.com\/?s={search_term_string}"},"query-input":{"@type":"PropertyValueSpecification","valueRequired":true,"valueName":"search_term_string"}}],"inLanguage":"fr-FR"},{"@type":"Organization","@id":"https:\/\/sanz-avocat.com\/#organization","name":"SANZ | AVOCAT","url":"https:\/\/sanz-avocat.com\/","logo":{"@type":"ImageObject","inLanguage":"fr-FR","@id":"https:\/\/sanz-avocat.com\/#\/schema\/logo\/image\/","url":"https:\/\/sanz-avocat.com\/wp-content\/uploads\/2026\/08\/Logo2-1.png","contentUrl":"https:\/\/sanz-avocat.com\/wp-content\/uploads\/2026\/08\/Logo2-1.png","width":628,"height":450,"caption":"SANZ | AVOCAT"},"image":{"@id":"https:\/\/sanz-avocat.com\/#\/schema\/logo\/image\/"}},{"@type":"Person","@id":"https:\/\/sanz-avocat.com\/#\/schema\/person\/83c1734deb3842510e8244c3c8ee6d55","name":"Arnaud Sanz","pronouns":"il","image":{"@type":"ImageObject","inLanguage":"fr-FR","@id":"https:\/\/secure.gravatar.com\/avatar\/d02419ea3b2818418c3cc90ab186b7c2dae9e4192b0a2427b743bc226a45227b?s=96&d=mm&r=g","url":"https:\/\/secure.gravatar.com\/avatar\/d02419ea3b2818418c3cc90ab186b7c2dae9e4192b0a2427b743bc226a45227b?s=96&d=mm&r=g","contentUrl":"https:\/\/secure.gravatar.com\/avatar\/d02419ea3b2818418c3cc90ab186b7c2dae9e4192b0a2427b743bc226a45227b?s=96&d=mm&r=g","caption":"Arnaud Sanz"},"description":"Arnaud Sanz (cabinet SANZ | AVOCAT) est un avocat inscrit au Barreau de Paris, sp\u00e9cialis\u00e9 en droit de la concurrence, distribution, contrats et consommation. Apr\u00e8s avoir exerc\u00e9 en Droit Economique pendant plus de 20 ans dans des cabinets d\u2019avocats internationaux de r\u00e9f\u00e9rence, Arnaud Sanz met \u00e0 la disposition des entreprises une expertise de haut niveau, accessible et personnalis\u00e9e.","sameAs":["http:\/\/sanz-avocat.com"],"url":"https:\/\/sanz-avocat.com\/index.php\/author\/admin8802\/"}]}},"_links":{"self":[{"href":"https:\/\/sanz-avocat.com\/index.php\/wp-json\/wp\/v2\/posts\/850","targetHints":{"allow":["GET"]}}],"collection":[{"href":"https:\/\/sanz-avocat.com\/index.php\/wp-json\/wp\/v2\/posts"}],"about":[{"href":"https:\/\/sanz-avocat.com\/index.php\/wp-json\/wp\/v2\/types\/post"}],"author":[{"embeddable":true,"href":"https:\/\/sanz-avocat.com\/index.php\/wp-json\/wp\/v2\/users\/1"}],"replies":[{"embeddable":true,"href":"https:\/\/sanz-avocat.com\/index.php\/wp-json\/wp\/v2\/comments?post=850"}],"version-history":[{"count":7,"href":"https:\/\/sanz-avocat.com\/index.php\/wp-json\/wp\/v2\/posts\/850\/revisions"}],"predecessor-version":[{"id":988,"href":"https:\/\/sanz-avocat.com\/index.php\/wp-json\/wp\/v2\/posts\/850\/revisions\/988"}],"wp:featuredmedia":[{"embeddable":true,"href":"https:\/\/sanz-avocat.com\/index.php\/wp-json\/wp\/v2\/media\/851"}],"wp:attachment":[{"href":"https:\/\/sanz-avocat.com\/index.php\/wp-json\/wp\/v2\/media?parent=850"}],"wp:term":[{"taxonomy":"category","embeddable":true,"href":"https:\/\/sanz-avocat.com\/index.php\/wp-json\/wp\/v2\/categories?post=850"},{"taxonomy":"post_tag","embeddable":true,"href":"https:\/\/sanz-avocat.com\/index.php\/wp-json\/wp\/v2\/tags?post=850"}],"curies":[{"name":"wp","href":"https:\/\/api.w.org\/{rel}","templated":true}]}}