{"id":854,"date":"2026-08-30T11:36:48","date_gmt":"2026-08-30T09:36:48","guid":{"rendered":"https:\/\/sanz-avocat.com\/?p=854"},"modified":"2026-09-01T06:33:41","modified_gmt":"2026-09-01T04:33:41","slug":"controle-actif-des-acquisitions-predatrices-killer-acquisitions","status":"publish","type":"post","link":"https:\/\/sanz-avocat.com\/index.php\/2026\/08\/30\/controle-actif-des-acquisitions-predatrices-killer-acquisitions\/","title":{"rendered":"Contr\u00f4le actif des acquisitions pr\u00e9datrices (killer acquisitions)?"},"content":{"rendered":"\n<p class=\"has-medium-font-size wp-block-paragraph\">Les acquisitions \u00ab\u00a0pr\u00e9datrices\u00a0\u00bb \u00e9chappant au contr\u00f4le pr\u00e9alable des concentrations risquent toujours d&rsquo;\u00eatre appr\u00e9hend\u00e9es a posteriori au titre des abus de position dominante.<\/p>\n\n\n\n<h2 class=\"wp-block-heading has-medium-font-size\"><strong>Retour sur l&rsquo;affaire Doctolib<\/strong><\/h2>\n\n\n\n<p class=\"has-medium-font-size wp-block-paragraph\">Pour m\u00e9moire, cette approche a \u00e9t\u00e9 adopt\u00e9e pour la premi\u00e8re fois par l&rsquo;Autorit\u00e9 de la concurrence dans l&rsquo;affaire Doctolib (<em><a href=\"https:\/\/www.autoritedelaconcurrence.fr\/fr\/communiques-de-presse\/lautorite-de-la-concurrence-sanctionne-doctolib-hauteur-de-4-665-000-euros\">d\u00e9cision n\u00b0 25-D-06 du 6 novembre 2025<\/a><\/em>).<\/p>\n\n\n\n<p class=\"has-medium-font-size wp-block-paragraph\">Dans cette affaire, Doctolib avait acquis son concurrent MonDocteur sans notifier l&rsquo;op\u00e9ration au titre du contr\u00f4le des concentrations puisque les seuils n&rsquo;\u00e9taient pas atteints. <\/p>\n\n\n\n<p class=\"has-medium-font-size wp-block-paragraph\">N\u00e9anmoins, l\u2019Autorit\u00e9 a consid\u00e9r\u00e9 qu&rsquo;il s&rsquo;agissait d&rsquo;une acquisition pr\u00e9datrice par laquelle Doctolib, en position dominante, visait \u00e0 \u00e9liminer son principal concurrent et verrouiller le march\u00e9 de la prise de rendez-vous m\u00e9dicaux en ligne.<\/p>\n\n\n\n<p class=\"has-medium-font-size wp-block-paragraph\">Cons\u00e9quence : l&rsquo;Autorit\u00e9 l&rsquo;a sanctionn\u00e9e pour abus de position dominante de ce seul fait, m\u00eame si l&rsquo;amende prononc\u00e9e pour ce grief est rest\u00e9e symbolique (50.000 euros) pour tenir compte de l&rsquo;absence de pr\u00e9c\u00e9dents en France.<\/p>\n\n\n\n<h2 class=\"wp-block-heading has-medium-font-size\"><strong>Les pr\u00e9c\u00e9dents europ\u00e9ens<\/strong><\/h2>\n\n\n\n<p class=\"has-medium-font-size wp-block-paragraph\">Cette d\u00e9cision s&rsquo;inscrit dans le prolongement de l&rsquo;arr\u00eat <em>Towercast<\/em> de la Cour de justice de l&rsquo;Union europ\u00e9enne du 16 mars 2023 (aff. C\u2011449\/21), qui a elle aussi retenu la possibilit\u00e9 d&rsquo;examiner a posteriori une op\u00e9ration de concentration r\u00e9alis\u00e9e sous les seuils de contr\u00f4le des concentrations au regard de l&rsquo;article 102 TFUE, lorsqu&rsquo;elle est susceptible de constituer un abus de position dominante et entrave substantiellement la concurrence. Une position en r\u00e9alit\u00e9 ancienne, remontant \u00e0 l&rsquo;arr\u00eat <em>Continental Can<\/em> du 21 f\u00e9vrier 1973 (aff. 6\/72).<\/p>\n\n\n\n<h2 class=\"wp-block-heading has-medium-font-size\"><strong>Et maintenant?<\/strong><\/h2>\n\n\n\n<p class=\"has-medium-font-size wp-block-paragraph\">La d\u00e9cision Doctolib n&rsquo;est pas d\u00e9finitive et reste en cours d&rsquo;examen par la Cour d&rsquo;appel de Paris, mais compte tenu de l&rsquo;encombrement du r\u00f4le, l&rsquo;arr\u00eat ne devrait pas intervenir avant 2027. <\/p>\n\n\n\n<p class=\"has-medium-font-size wp-block-paragraph\">Dans l&rsquo;intervalle, les entreprises dominantes doivent rester vigilantes lorsqu&rsquo;elles envisagent d&rsquo;acqu\u00e9rir un concurrent, notamment dans l&rsquo;optique de le faire dispara\u00eetre du march\u00e9. <\/p>\n\n\n\n<p class=\"has-medium-font-size wp-block-paragraph\">Les documents pr\u00e9paratoires et \u00e9changes internes sur les objectifs de l&rsquo;op\u00e9ration devront faire l&rsquo;objet d&rsquo;une attention particuli\u00e8re.<\/p>\n\n\n\n<p class=\"has-medium-font-size wp-block-paragraph\">Selon les cas, une d\u00e9marche proactive aupr\u00e8s de l&rsquo;Autorit\u00e9 pourra s&rsquo;av\u00e9rer pertinente.<\/p>\n\n\n\n<p class=\"wp-block-paragraph\">Publi\u00e9 le 30.08.2026.<\/p>\n","protected":false},"excerpt":{"rendered":"<p>Les acquisitions \u00ab\u00a0pr\u00e9datrices\u00a0\u00bb \u00e9chappant au contr\u00f4le pr\u00e9alable des concentrations risquent toujours d&rsquo;\u00eatre appr\u00e9hend\u00e9es a posteriori au titre des abus de position dominante. Retour sur l&rsquo;affaire Doctolib Pour m\u00e9moire, cette approche a \u00e9t\u00e9 adopt\u00e9e pour la premi\u00e8re fois par l&rsquo;Autorit\u00e9 de la concurrence dans l&rsquo;affaire Doctolib (d\u00e9cision n\u00b0 25-D-06 du 6 novembre 2025). Dans cette affaire, [&hellip;]<\/p>\n","protected":false},"author":1,"featured_media":855,"comment_status":"open","ping_status":"open","sticky":false,"template":"","format":"standard","meta":{"footnotes":""},"categories":[23],"tags":[],"class_list":["post-854","post","type-post","status-publish","format-standard","has-post-thumbnail","hentry","category-enjeux-concurrence-en-ma"],"yoast_head":"<!-- This site is optimized with the Yoast SEO plugin v28.3 - https:\/\/yoast.com\/product\/yoast-seo-wordpress\/ -->\n<title>Contr\u00f4le actif des acquisitions pr\u00e9datrices (killer acquisitions)? - SANZ | AVOCAT<\/title>\n<meta name=\"robots\" content=\"index, follow, max-snippet:-1, max-image-preview:large, max-video-preview:-1\" \/>\n<link rel=\"canonical\" href=\"https:\/\/sanz-avocat.com\/index.php\/2026\/08\/30\/controle-actif-des-acquisitions-predatrices-killer-acquisitions\/\" \/>\n<meta property=\"og:locale\" content=\"fr_FR\" \/>\n<meta property=\"og:type\" content=\"article\" \/>\n<meta property=\"og:title\" content=\"Contr\u00f4le actif des acquisitions pr\u00e9datrices (killer acquisitions)? - SANZ | AVOCAT\" \/>\n<meta property=\"og:description\" content=\"Les acquisitions \u00ab\u00a0pr\u00e9datrices\u00a0\u00bb \u00e9chappant au contr\u00f4le pr\u00e9alable des concentrations risquent toujours d&rsquo;\u00eatre appr\u00e9hend\u00e9es a posteriori au titre des abus de position dominante. Retour sur l&rsquo;affaire Doctolib Pour m\u00e9moire, cette approche a \u00e9t\u00e9 adopt\u00e9e pour la premi\u00e8re fois par l&rsquo;Autorit\u00e9 de la concurrence dans l&rsquo;affaire Doctolib (d\u00e9cision n\u00b0 25-D-06 du 6 novembre 2025). Dans cette affaire, [&hellip;]\" \/>\n<meta property=\"og:url\" content=\"https:\/\/sanz-avocat.com\/index.php\/2026\/08\/30\/controle-actif-des-acquisitions-predatrices-killer-acquisitions\/\" \/>\n<meta property=\"og:site_name\" content=\"SANZ | AVOCAT\" \/>\n<meta property=\"article:published_time\" content=\"2026-08-30T09:36:48+00:00\" \/>\n<meta property=\"article:modified_time\" content=\"2026-09-01T04:33:41+00:00\" \/>\n<meta property=\"og:image\" content=\"https:\/\/sanz-avocat.com\/wp-content\/uploads\/2026\/08\/killer-acquisition.jpg\" \/>\n\t<meta property=\"og:image:width\" content=\"2112\" \/>\n\t<meta property=\"og:image:height\" content=\"1374\" \/>\n\t<meta property=\"og:image:type\" content=\"image\/jpeg\" \/>\n<meta name=\"author\" content=\"Arnaud Sanz\" \/>\n<meta name=\"twitter:card\" content=\"summary_large_image\" \/>\n<meta name=\"twitter:label1\" content=\"\u00c9crit par\" \/>\n\t<meta name=\"twitter:data1\" content=\"Arnaud Sanz\" \/>\n\t<meta name=\"twitter:label2\" content=\"Dur\u00e9e de lecture estim\u00e9e\" \/>\n\t<meta name=\"twitter:data2\" content=\"2 minutes\" \/>\n<script type=\"application\/ld+json\" class=\"yoast-schema-graph\">{\"@context\":\"https:\\\/\\\/schema.org\",\"@graph\":[{\"@type\":\"Article\",\"@id\":\"https:\\\/\\\/sanz-avocat.com\\\/index.php\\\/2026\\\/08\\\/30\\\/controle-actif-des-acquisitions-predatrices-killer-acquisitions\\\/#article\",\"isPartOf\":{\"@id\":\"https:\\\/\\\/sanz-avocat.com\\\/index.php\\\/2026\\\/08\\\/30\\\/controle-actif-des-acquisitions-predatrices-killer-acquisitions\\\/\"},\"author\":{\"name\":\"Arnaud Sanz\",\"@id\":\"https:\\\/\\\/sanz-avocat.com\\\/#\\\/schema\\\/person\\\/83c1734deb3842510e8244c3c8ee6d55\"},\"headline\":\"Contr\u00f4le actif des acquisitions pr\u00e9datrices (killer acquisitions)?\",\"datePublished\":\"2026-08-30T09:36:48+00:00\",\"dateModified\":\"2026-09-01T04:33:41+00:00\",\"mainEntityOfPage\":{\"@id\":\"https:\\\/\\\/sanz-avocat.com\\\/index.php\\\/2026\\\/08\\\/30\\\/controle-actif-des-acquisitions-predatrices-killer-acquisitions\\\/\"},\"wordCount\":393,\"commentCount\":0,\"publisher\":{\"@id\":\"https:\\\/\\\/sanz-avocat.com\\\/#organization\"},\"image\":{\"@id\":\"https:\\\/\\\/sanz-avocat.com\\\/index.php\\\/2026\\\/08\\\/30\\\/controle-actif-des-acquisitions-predatrices-killer-acquisitions\\\/#primaryimage\"},\"thumbnailUrl\":\"https:\\\/\\\/sanz-avocat.com\\\/wp-content\\\/uploads\\\/2026\\\/08\\\/killer-acquisition.jpg\",\"articleSection\":[\"Enjeux concurrence en M&amp;A\"],\"inLanguage\":\"fr-FR\",\"potentialAction\":[{\"@type\":\"CommentAction\",\"name\":\"Comment\",\"target\":[\"https:\\\/\\\/sanz-avocat.com\\\/index.php\\\/2026\\\/08\\\/30\\\/controle-actif-des-acquisitions-predatrices-killer-acquisitions\\\/#respond\"]}]},{\"@type\":\"WebPage\",\"@id\":\"https:\\\/\\\/sanz-avocat.com\\\/index.php\\\/2026\\\/08\\\/30\\\/controle-actif-des-acquisitions-predatrices-killer-acquisitions\\\/\",\"url\":\"https:\\\/\\\/sanz-avocat.com\\\/index.php\\\/2026\\\/08\\\/30\\\/controle-actif-des-acquisitions-predatrices-killer-acquisitions\\\/\",\"name\":\"Contr\u00f4le actif des acquisitions pr\u00e9datrices (killer acquisitions)? - SANZ | AVOCAT\",\"isPartOf\":{\"@id\":\"https:\\\/\\\/sanz-avocat.com\\\/#website\"},\"primaryImageOfPage\":{\"@id\":\"https:\\\/\\\/sanz-avocat.com\\\/index.php\\\/2026\\\/08\\\/30\\\/controle-actif-des-acquisitions-predatrices-killer-acquisitions\\\/#primaryimage\"},\"image\":{\"@id\":\"https:\\\/\\\/sanz-avocat.com\\\/index.php\\\/2026\\\/08\\\/30\\\/controle-actif-des-acquisitions-predatrices-killer-acquisitions\\\/#primaryimage\"},\"thumbnailUrl\":\"https:\\\/\\\/sanz-avocat.com\\\/wp-content\\\/uploads\\\/2026\\\/08\\\/killer-acquisition.jpg\",\"datePublished\":\"2026-08-30T09:36:48+00:00\",\"dateModified\":\"2026-09-01T04:33:41+00:00\",\"breadcrumb\":{\"@id\":\"https:\\\/\\\/sanz-avocat.com\\\/index.php\\\/2026\\\/08\\\/30\\\/controle-actif-des-acquisitions-predatrices-killer-acquisitions\\\/#breadcrumb\"},\"inLanguage\":\"fr-FR\",\"potentialAction\":[{\"@type\":\"ReadAction\",\"target\":[\"https:\\\/\\\/sanz-avocat.com\\\/index.php\\\/2026\\\/08\\\/30\\\/controle-actif-des-acquisitions-predatrices-killer-acquisitions\\\/\"]}]},{\"@type\":\"ImageObject\",\"inLanguage\":\"fr-FR\",\"@id\":\"https:\\\/\\\/sanz-avocat.com\\\/index.php\\\/2026\\\/08\\\/30\\\/controle-actif-des-acquisitions-predatrices-killer-acquisitions\\\/#primaryimage\",\"url\":\"https:\\\/\\\/sanz-avocat.com\\\/wp-content\\\/uploads\\\/2026\\\/08\\\/killer-acquisition.jpg\",\"contentUrl\":\"https:\\\/\\\/sanz-avocat.com\\\/wp-content\\\/uploads\\\/2026\\\/08\\\/killer-acquisition.jpg\",\"width\":2112,\"height\":1374},{\"@type\":\"BreadcrumbList\",\"@id\":\"https:\\\/\\\/sanz-avocat.com\\\/index.php\\\/2026\\\/08\\\/30\\\/controle-actif-des-acquisitions-predatrices-killer-acquisitions\\\/#breadcrumb\",\"itemListElement\":[{\"@type\":\"ListItem\",\"position\":1,\"name\":\"Accueil\",\"item\":\"https:\\\/\\\/sanz-avocat.com\\\/\"},{\"@type\":\"ListItem\",\"position\":2,\"name\":\"Contr\u00f4le actif des acquisitions pr\u00e9datrices (killer acquisitions)?\"}]},{\"@type\":\"WebSite\",\"@id\":\"https:\\\/\\\/sanz-avocat.com\\\/#website\",\"url\":\"https:\\\/\\\/sanz-avocat.com\\\/\",\"name\":\"SANZ | AVOCAT\",\"description\":\"Le droit \u00e9conomique sur mesure\",\"publisher\":{\"@id\":\"https:\\\/\\\/sanz-avocat.com\\\/#organization\"},\"potentialAction\":[{\"@type\":\"SearchAction\",\"target\":{\"@type\":\"EntryPoint\",\"urlTemplate\":\"https:\\\/\\\/sanz-avocat.com\\\/?s={search_term_string}\"},\"query-input\":{\"@type\":\"PropertyValueSpecification\",\"valueRequired\":true,\"valueName\":\"search_term_string\"}}],\"inLanguage\":\"fr-FR\"},{\"@type\":\"Organization\",\"@id\":\"https:\\\/\\\/sanz-avocat.com\\\/#organization\",\"name\":\"SANZ | AVOCAT\",\"url\":\"https:\\\/\\\/sanz-avocat.com\\\/\",\"logo\":{\"@type\":\"ImageObject\",\"inLanguage\":\"fr-FR\",\"@id\":\"https:\\\/\\\/sanz-avocat.com\\\/#\\\/schema\\\/logo\\\/image\\\/\",\"url\":\"https:\\\/\\\/sanz-avocat.com\\\/wp-content\\\/uploads\\\/2026\\\/08\\\/Logo2-1.png\",\"contentUrl\":\"https:\\\/\\\/sanz-avocat.com\\\/wp-content\\\/uploads\\\/2026\\\/08\\\/Logo2-1.png\",\"width\":628,\"height\":450,\"caption\":\"SANZ | AVOCAT\"},\"image\":{\"@id\":\"https:\\\/\\\/sanz-avocat.com\\\/#\\\/schema\\\/logo\\\/image\\\/\"}},{\"@type\":\"Person\",\"@id\":\"https:\\\/\\\/sanz-avocat.com\\\/#\\\/schema\\\/person\\\/83c1734deb3842510e8244c3c8ee6d55\",\"name\":\"Arnaud Sanz\",\"pronouns\":\"il\",\"image\":{\"@type\":\"ImageObject\",\"inLanguage\":\"fr-FR\",\"@id\":\"https:\\\/\\\/secure.gravatar.com\\\/avatar\\\/d02419ea3b2818418c3cc90ab186b7c2dae9e4192b0a2427b743bc226a45227b?s=96&d=mm&r=g\",\"url\":\"https:\\\/\\\/secure.gravatar.com\\\/avatar\\\/d02419ea3b2818418c3cc90ab186b7c2dae9e4192b0a2427b743bc226a45227b?s=96&d=mm&r=g\",\"contentUrl\":\"https:\\\/\\\/secure.gravatar.com\\\/avatar\\\/d02419ea3b2818418c3cc90ab186b7c2dae9e4192b0a2427b743bc226a45227b?s=96&d=mm&r=g\",\"caption\":\"Arnaud Sanz\"},\"description\":\"Arnaud Sanz (cabinet SANZ | AVOCAT) est un avocat inscrit au Barreau de Paris, sp\u00e9cialis\u00e9 en droit de la concurrence, distribution, contrats et consommation. Apr\u00e8s avoir exerc\u00e9 en Droit Economique pendant plus de 20 ans dans des cabinets d\u2019avocats internationaux de r\u00e9f\u00e9rence, Arnaud Sanz met \u00e0 la disposition des entreprises une expertise de haut niveau, accessible et personnalis\u00e9e.\",\"sameAs\":[\"http:\\\/\\\/sanz-avocat.com\"],\"url\":\"https:\\\/\\\/sanz-avocat.com\\\/index.php\\\/author\\\/admin8802\\\/\"}]}<\/script>\n<!-- \/ Yoast SEO plugin. -->","yoast_head_json":{"title":"Contr\u00f4le actif des acquisitions pr\u00e9datrices (killer acquisitions)? - SANZ | AVOCAT","robots":{"index":"index","follow":"follow","max-snippet":"max-snippet:-1","max-image-preview":"max-image-preview:large","max-video-preview":"max-video-preview:-1"},"canonical":"https:\/\/sanz-avocat.com\/index.php\/2026\/08\/30\/controle-actif-des-acquisitions-predatrices-killer-acquisitions\/","og_locale":"fr_FR","og_type":"article","og_title":"Contr\u00f4le actif des acquisitions pr\u00e9datrices (killer acquisitions)? - SANZ | AVOCAT","og_description":"Les acquisitions \u00ab\u00a0pr\u00e9datrices\u00a0\u00bb \u00e9chappant au contr\u00f4le pr\u00e9alable des concentrations risquent toujours d&rsquo;\u00eatre appr\u00e9hend\u00e9es a posteriori au titre des abus de position dominante. Retour sur l&rsquo;affaire Doctolib Pour m\u00e9moire, cette approche a \u00e9t\u00e9 adopt\u00e9e pour la premi\u00e8re fois par l&rsquo;Autorit\u00e9 de la concurrence dans l&rsquo;affaire Doctolib (d\u00e9cision n\u00b0 25-D-06 du 6 novembre 2025). Dans cette affaire, [&hellip;]","og_url":"https:\/\/sanz-avocat.com\/index.php\/2026\/08\/30\/controle-actif-des-acquisitions-predatrices-killer-acquisitions\/","og_site_name":"SANZ | AVOCAT","article_published_time":"2026-08-30T09:36:48+00:00","article_modified_time":"2026-09-01T04:33:41+00:00","og_image":[{"width":2112,"height":1374,"url":"https:\/\/sanz-avocat.com\/wp-content\/uploads\/2026\/08\/killer-acquisition.jpg","type":"image\/jpeg"}],"author":"Arnaud Sanz","twitter_card":"summary_large_image","twitter_misc":{"\u00c9crit par":"Arnaud Sanz","Dur\u00e9e de lecture estim\u00e9e":"2 minutes"},"schema":{"@context":"https:\/\/schema.org","@graph":[{"@type":"Article","@id":"https:\/\/sanz-avocat.com\/index.php\/2026\/08\/30\/controle-actif-des-acquisitions-predatrices-killer-acquisitions\/#article","isPartOf":{"@id":"https:\/\/sanz-avocat.com\/index.php\/2026\/08\/30\/controle-actif-des-acquisitions-predatrices-killer-acquisitions\/"},"author":{"name":"Arnaud Sanz","@id":"https:\/\/sanz-avocat.com\/#\/schema\/person\/83c1734deb3842510e8244c3c8ee6d55"},"headline":"Contr\u00f4le actif des acquisitions pr\u00e9datrices (killer acquisitions)?","datePublished":"2026-08-30T09:36:48+00:00","dateModified":"2026-09-01T04:33:41+00:00","mainEntityOfPage":{"@id":"https:\/\/sanz-avocat.com\/index.php\/2026\/08\/30\/controle-actif-des-acquisitions-predatrices-killer-acquisitions\/"},"wordCount":393,"commentCount":0,"publisher":{"@id":"https:\/\/sanz-avocat.com\/#organization"},"image":{"@id":"https:\/\/sanz-avocat.com\/index.php\/2026\/08\/30\/controle-actif-des-acquisitions-predatrices-killer-acquisitions\/#primaryimage"},"thumbnailUrl":"https:\/\/sanz-avocat.com\/wp-content\/uploads\/2026\/08\/killer-acquisition.jpg","articleSection":["Enjeux concurrence en M&amp;A"],"inLanguage":"fr-FR","potentialAction":[{"@type":"CommentAction","name":"Comment","target":["https:\/\/sanz-avocat.com\/index.php\/2026\/08\/30\/controle-actif-des-acquisitions-predatrices-killer-acquisitions\/#respond"]}]},{"@type":"WebPage","@id":"https:\/\/sanz-avocat.com\/index.php\/2026\/08\/30\/controle-actif-des-acquisitions-predatrices-killer-acquisitions\/","url":"https:\/\/sanz-avocat.com\/index.php\/2026\/08\/30\/controle-actif-des-acquisitions-predatrices-killer-acquisitions\/","name":"Contr\u00f4le actif des acquisitions pr\u00e9datrices (killer acquisitions)? - SANZ | AVOCAT","isPartOf":{"@id":"https:\/\/sanz-avocat.com\/#website"},"primaryImageOfPage":{"@id":"https:\/\/sanz-avocat.com\/index.php\/2026\/08\/30\/controle-actif-des-acquisitions-predatrices-killer-acquisitions\/#primaryimage"},"image":{"@id":"https:\/\/sanz-avocat.com\/index.php\/2026\/08\/30\/controle-actif-des-acquisitions-predatrices-killer-acquisitions\/#primaryimage"},"thumbnailUrl":"https:\/\/sanz-avocat.com\/wp-content\/uploads\/2026\/08\/killer-acquisition.jpg","datePublished":"2026-08-30T09:36:48+00:00","dateModified":"2026-09-01T04:33:41+00:00","breadcrumb":{"@id":"https:\/\/sanz-avocat.com\/index.php\/2026\/08\/30\/controle-actif-des-acquisitions-predatrices-killer-acquisitions\/#breadcrumb"},"inLanguage":"fr-FR","potentialAction":[{"@type":"ReadAction","target":["https:\/\/sanz-avocat.com\/index.php\/2026\/08\/30\/controle-actif-des-acquisitions-predatrices-killer-acquisitions\/"]}]},{"@type":"ImageObject","inLanguage":"fr-FR","@id":"https:\/\/sanz-avocat.com\/index.php\/2026\/08\/30\/controle-actif-des-acquisitions-predatrices-killer-acquisitions\/#primaryimage","url":"https:\/\/sanz-avocat.com\/wp-content\/uploads\/2026\/08\/killer-acquisition.jpg","contentUrl":"https:\/\/sanz-avocat.com\/wp-content\/uploads\/2026\/08\/killer-acquisition.jpg","width":2112,"height":1374},{"@type":"BreadcrumbList","@id":"https:\/\/sanz-avocat.com\/index.php\/2026\/08\/30\/controle-actif-des-acquisitions-predatrices-killer-acquisitions\/#breadcrumb","itemListElement":[{"@type":"ListItem","position":1,"name":"Accueil","item":"https:\/\/sanz-avocat.com\/"},{"@type":"ListItem","position":2,"name":"Contr\u00f4le actif des acquisitions pr\u00e9datrices (killer acquisitions)?"}]},{"@type":"WebSite","@id":"https:\/\/sanz-avocat.com\/#website","url":"https:\/\/sanz-avocat.com\/","name":"SANZ | AVOCAT","description":"Le droit \u00e9conomique sur mesure","publisher":{"@id":"https:\/\/sanz-avocat.com\/#organization"},"potentialAction":[{"@type":"SearchAction","target":{"@type":"EntryPoint","urlTemplate":"https:\/\/sanz-avocat.com\/?s={search_term_string}"},"query-input":{"@type":"PropertyValueSpecification","valueRequired":true,"valueName":"search_term_string"}}],"inLanguage":"fr-FR"},{"@type":"Organization","@id":"https:\/\/sanz-avocat.com\/#organization","name":"SANZ | AVOCAT","url":"https:\/\/sanz-avocat.com\/","logo":{"@type":"ImageObject","inLanguage":"fr-FR","@id":"https:\/\/sanz-avocat.com\/#\/schema\/logo\/image\/","url":"https:\/\/sanz-avocat.com\/wp-content\/uploads\/2026\/08\/Logo2-1.png","contentUrl":"https:\/\/sanz-avocat.com\/wp-content\/uploads\/2026\/08\/Logo2-1.png","width":628,"height":450,"caption":"SANZ | AVOCAT"},"image":{"@id":"https:\/\/sanz-avocat.com\/#\/schema\/logo\/image\/"}},{"@type":"Person","@id":"https:\/\/sanz-avocat.com\/#\/schema\/person\/83c1734deb3842510e8244c3c8ee6d55","name":"Arnaud Sanz","pronouns":"il","image":{"@type":"ImageObject","inLanguage":"fr-FR","@id":"https:\/\/secure.gravatar.com\/avatar\/d02419ea3b2818418c3cc90ab186b7c2dae9e4192b0a2427b743bc226a45227b?s=96&d=mm&r=g","url":"https:\/\/secure.gravatar.com\/avatar\/d02419ea3b2818418c3cc90ab186b7c2dae9e4192b0a2427b743bc226a45227b?s=96&d=mm&r=g","contentUrl":"https:\/\/secure.gravatar.com\/avatar\/d02419ea3b2818418c3cc90ab186b7c2dae9e4192b0a2427b743bc226a45227b?s=96&d=mm&r=g","caption":"Arnaud Sanz"},"description":"Arnaud Sanz (cabinet SANZ | AVOCAT) est un avocat inscrit au Barreau de Paris, sp\u00e9cialis\u00e9 en droit de la concurrence, distribution, contrats et consommation. Apr\u00e8s avoir exerc\u00e9 en Droit Economique pendant plus de 20 ans dans des cabinets d\u2019avocats internationaux de r\u00e9f\u00e9rence, Arnaud Sanz met \u00e0 la disposition des entreprises une expertise de haut niveau, accessible et personnalis\u00e9e.","sameAs":["http:\/\/sanz-avocat.com"],"url":"https:\/\/sanz-avocat.com\/index.php\/author\/admin8802\/"}]}},"_links":{"self":[{"href":"https:\/\/sanz-avocat.com\/index.php\/wp-json\/wp\/v2\/posts\/854","targetHints":{"allow":["GET"]}}],"collection":[{"href":"https:\/\/sanz-avocat.com\/index.php\/wp-json\/wp\/v2\/posts"}],"about":[{"href":"https:\/\/sanz-avocat.com\/index.php\/wp-json\/wp\/v2\/types\/post"}],"author":[{"embeddable":true,"href":"https:\/\/sanz-avocat.com\/index.php\/wp-json\/wp\/v2\/users\/1"}],"replies":[{"embeddable":true,"href":"https:\/\/sanz-avocat.com\/index.php\/wp-json\/wp\/v2\/comments?post=854"}],"version-history":[{"count":6,"href":"https:\/\/sanz-avocat.com\/index.php\/wp-json\/wp\/v2\/posts\/854\/revisions"}],"predecessor-version":[{"id":993,"href":"https:\/\/sanz-avocat.com\/index.php\/wp-json\/wp\/v2\/posts\/854\/revisions\/993"}],"wp:featuredmedia":[{"embeddable":true,"href":"https:\/\/sanz-avocat.com\/index.php\/wp-json\/wp\/v2\/media\/855"}],"wp:attachment":[{"href":"https:\/\/sanz-avocat.com\/index.php\/wp-json\/wp\/v2\/media?parent=854"}],"wp:term":[{"taxonomy":"category","embeddable":true,"href":"https:\/\/sanz-avocat.com\/index.php\/wp-json\/wp\/v2\/categories?post=854"},{"taxonomy":"post_tag","embeddable":true,"href":"https:\/\/sanz-avocat.com\/index.php\/wp-json\/wp\/v2\/tags?post=854"}],"curies":[{"name":"wp","href":"https:\/\/api.w.org\/{rel}","templated":true}]}}