{"id":859,"date":"2026-08-30T19:48:25","date_gmt":"2026-08-30T17:48:25","guid":{"rendered":"https:\/\/sanz-avocat.com\/?p=859"},"modified":"2026-08-30T22:03:56","modified_gmt":"2026-08-30T20:03:56","slug":"cooperations-en-matiere-de-durabilite-vers-une-meilleure-prise-en-compte-des-benefices-environnementaux","status":"publish","type":"post","link":"https:\/\/sanz-avocat.com\/index.php\/2026\/08\/30\/cooperations-en-matiere-de-durabilite-vers-une-meilleure-prise-en-compte-des-benefices-environnementaux\/","title":{"rendered":"Coop\u00e9rations en mati\u00e8re de durabilit\u00e9 : analyse et prise en compte des b\u00e9n\u00e9fices environnementaux?"},"content":{"rendered":"\n<p class=\"has-medium-font-size wp-block-paragraph\">Alors qu&rsquo;elle continue d&rsquo;analyser les contributions re\u00e7ues dans le cadre de sa consultation publique sur son dispositif d&rsquo;orientations informelles en mati\u00e8re de d\u00e9veloppement durable, cl\u00f4tur\u00e9e le 31 juillet 2026, l\u2019Autorit\u00e9 de la concurrence organise le 5 octobre prochain un <a href=\"https:\/\/www.autoritedelaconcurrence.fr\/fr\/article\/save-date-atelier-economie-et-durabilite\">atelier \u00ab <em>\u00c9conomie et Durabilit\u00e9<\/em> \u00bb<\/a> sur le th\u00e8me des b\u00e9n\u00e9fices environnementaux, qui r\u00e9unira chercheurs et praticiens en \u00e9conomie de l&rsquo;environnement, \u00e9conomie industrielle&nbsp;et droit de la concurrence.<\/p>\n\n\n\n<p class=\"has-medium-font-size wp-block-paragraph\">En parall\u00e8le, l&rsquo;Autorit\u00e9 maintient sa politique de \u00ab porte ouverte \u00bb et encourage les entreprises \u00e0 solliciter des orientations informelles sur leurs projets poursuivant un objectif de d\u00e9veloppement durable, sous r\u00e9serve d&rsquo;avoir men\u00e9 une premi\u00e8re auto-\u00e9valuation de leur c\u00f4t\u00e9 qu&rsquo;elles devront pr\u00e9senter \u00e0 l&rsquo;Autorit\u00e9 dans le cadre de leur demande.<\/p>\n\n\n\n<h2 class=\"wp-block-heading has-medium-font-size\"><strong>Crit\u00e8res de conformit\u00e9 des accords de coop\u00e9ration en mati\u00e8re de durabilit\u00e9<\/strong><\/h2>\n\n\n\n<p class=\"has-medium-font-size wp-block-paragraph\">Pour m\u00e9moire, la conformit\u00e9 au droit de la concurrence des projets de coop\u00e9ration en mati\u00e8re de durabilit\u00e9 repose sur des conditions strictes :<\/p>\n\n\n\n<ul class=\"wp-block-list\">\n<li class=\"has-medium-font-size\"><strong>les objectifs poursuivis sont l\u00e9gitimes<\/strong> (par exemple, la lutte contre le changement climatique, la pr\u00e9servation des ressources naturelles, la r\u00e9duction de la pollution, la garantie d\u2019un revenu \u00e9quitable, ou la pr\u00e9servation du bien-\u00eatre animal)&nbsp;;<\/li>\n\n\n\n<li class=\"has-medium-font-size\">l<strong>es objectifs poursuivis ne comportent pas de volet anticoncurrentiel <\/strong>(par exemple, une coordination sur une hausse des prix, une r\u00e9partition du march\u00e9, une r\u00e9duction de la production, de la qualit\u00e9 ou de l&rsquo;innovation)&nbsp;;<\/li>\n\n\n\n<li class=\"has-medium-font-size\">la coop\u00e9ration ne donnera <strong>pas lieu \u00e0 une coordination ni \u00e0 des \u00e9changes d&rsquo;informations sensibles sur des param\u00e8tres de concurrence<\/strong> (y compris les strat\u00e9gies concurrentielles en mati\u00e8re de d\u00e9veloppement durable, telles que les choix de production, de commercialisation, ou de communication sur la durabilit\u00e9 d&rsquo;un produit), <strong>\u00e0 moins de pouvoir d\u00e9montrer que c&rsquo;est indispensable<\/strong> pour atteindre les objectifs l\u00e9gitimes du projet&nbsp;;<\/li>\n\n\n\n<li class=\"has-medium-font-size\">la coop\u00e9ration permettra de g\u00e9n\u00e9rer des <strong>b\u00e9n\u00e9fices, par exemple environnementaux, au profit des consommateurs<\/strong> ; et<\/li>\n\n\n\n<li class=\"has-medium-font-size\">la coop\u00e9ration n&rsquo;est <strong>pas de nature \u00e0 \u00e9liminer la concurrence<\/strong> entre les parties sur le march\u00e9.<\/li>\n<\/ul>\n\n\n\n<figure class=\"wp-block-image size-full\"><img loading=\"lazy\" decoding=\"async\" width=\"968\" height=\"677\" src=\"http:\/\/sanz-avocat.com\/wp-content\/uploads\/2026\/08\/Cooperation-en-matiere-durabilite-FR-1.png\" alt=\"\" class=\"wp-image-791\" srcset=\"https:\/\/sanz-avocat.com\/wp-content\/uploads\/2026\/08\/Cooperation-en-matiere-durabilite-FR-1.png 968w, https:\/\/sanz-avocat.com\/wp-content\/uploads\/2026\/08\/Cooperation-en-matiere-durabilite-FR-1-300x210.png 300w, https:\/\/sanz-avocat.com\/wp-content\/uploads\/2026\/08\/Cooperation-en-matiere-durabilite-FR-1-768x537.png 768w\" sizes=\"auto, (max-width: 968px) 100vw, 968px\" \/><\/figure>\n\n\n\n<h2 class=\"wp-block-heading has-medium-font-size\"><strong>Zone de s\u00e9curit\u00e9 pour les accords de normalisation<\/strong><\/h2>\n\n\n\n<p class=\"has-medium-font-size wp-block-paragraph\">En outre, lorsque le projet porte sur l&rsquo;adoption de normes de durabilit\u00e9, les entreprises gagneront \u00e0 respecter les crit\u00e8res fix\u00e9s par la Commission europ\u00e9enne pour b\u00e9n\u00e9ficier de la \u00ab\u00a0zone de s\u00e9curit\u00e9 informelle\u00a0\u00bb (<em>Lignes directrices sur les accords de coop\u00e9ration horizontale, Section 9<\/em>.3.2) :<\/p>\n\n\n\n<ul class=\"wp-block-list\">\n<li class=\"has-medium-font-size\"><strong>transparence et ouverture<\/strong> : pr\u00e9voir une proc\u00e9dure transparente d&rsquo;adoption de la norme permettant \u00e0 tout op\u00e9rateur int\u00e9ress\u00e9 de participer \u00e0 chaque \u00e9tape de l&rsquo;\u00e9laboration&nbsp;;<\/li>\n\n\n\n<li class=\"has-medium-font-size\"><strong>\u00e9tanch\u00e9it\u00e9<\/strong> : veiller \u00e0 limiter les \u00e9changes d&rsquo;informations commercialement sensibles en s&rsquo;assurant qu&rsquo;ils sont objectivement n\u00e9cessaires, proportionn\u00e9s et s\u00e9curis\u00e9s ;<\/li>\n\n\n\n<li class=\"has-medium-font-size\"><strong>acc\u00e8s effectif et non discriminatoire<\/strong> : permettre \u00e0 tout op\u00e9rateur d&rsquo;acc\u00e9der effectivement \u00e0 la norme \u00e0 des conditions non discriminatoires&nbsp;;<\/li>\n\n\n\n<li class=\"has-medium-font-size\">caract\u00e8re <strong>facultatif<\/strong> : ne pas contraindre les op\u00e9rateurs \u00e0 se conformer \u00e0 la norme s&rsquo;ils ne souhaitent pas y adh\u00e9rer ;<\/li>\n\n\n\n<li class=\"has-medium-font-size\">caract\u00e8re <strong>minimal<\/strong> : il est possible d&rsquo;imposer des r\u00e8gles contraignantes aux op\u00e9rateurs souhaitant adh\u00e9rer \u00e0 la norme, mais les op\u00e9rateurs doivent \u00eatre libres d&rsquo;appliquer des r\u00e8gles plus strictes en faveur du d\u00e9veloppement durable&nbsp;;<\/li>\n\n\n\n<li class=\"has-medium-font-size\"><strong>impact limit\u00e9 sur la concurrence<\/strong> : respecter l&rsquo;une des deux conditions alternatives pr\u00e9vues par la Commission europ\u00e9enne, (i) <strong>pas d&rsquo;augmentation consid\u00e9rable des prix ni r\u00e9duction cons\u00e9quente de la qualit\u00e9, ou <\/strong>(ii) couverture limit\u00e9e du march\u00e9 (<strong>part de march\u00e9 cumul\u00e9e des participants &lt; 20%<\/strong>).<\/li>\n<\/ul>\n\n\n\n<figure class=\"wp-block-image size-full\"><img loading=\"lazy\" decoding=\"async\" width=\"865\" height=\"690\" src=\"http:\/\/sanz-avocat.com\/wp-content\/uploads\/2026\/08\/Accords-de-normalisation-FR.png\" alt=\"\" class=\"wp-image-818\" srcset=\"https:\/\/sanz-avocat.com\/wp-content\/uploads\/2026\/08\/Accords-de-normalisation-FR.png 865w, https:\/\/sanz-avocat.com\/wp-content\/uploads\/2026\/08\/Accords-de-normalisation-FR-300x239.png 300w, https:\/\/sanz-avocat.com\/wp-content\/uploads\/2026\/08\/Accords-de-normalisation-FR-767x612.png 767w\" sizes=\"auto, (max-width: 865px) 100vw, 865px\" \/><\/figure>\n\n\n\n<h2 class=\"wp-block-heading has-medium-font-size\"><strong>D\u00e9monstration des b\u00e9n\u00e9fices environnementaux<\/strong><\/h2>\n\n\n\n<p class=\"has-medium-font-size wp-block-paragraph\">Dans le cadre de l&rsquo;auto-\u00e9valuation et des demandes d&rsquo;orientations informelles, il est important de <strong>documenter les b\u00e9n\u00e9fices attendus d<\/strong>e la coop\u00e9ration par des analyses robustes et de les mettre en balance avec ses \u00e9ventuels effets n\u00e9gatifs sur les prix, le choix des consommateurs ou d&rsquo;autres param\u00e8tres de concurrence.<\/p>\n\n\n\n<p class=\"has-medium-font-size wp-block-paragraph\">Les m\u00e9thodes permettant de valoriser les b\u00e9n\u00e9fices et dommages environnementaux et de les int\u00e9grer dans l\u2019analyse concurrentielle seront pr\u00e9cis\u00e9ment discut\u00e9es lors de l\u2019atelier du 5 octobre 2026.<\/p>\n\n\n\n<p class=\"wp-block-paragraph\">Publi\u00e9 le 30.08.2026.<\/p>\n","protected":false},"excerpt":{"rendered":"<p>Alors qu&rsquo;elle continue d&rsquo;analyser les contributions re\u00e7ues dans le cadre de sa consultation publique sur son dispositif d&rsquo;orientations informelles en mati\u00e8re de d\u00e9veloppement durable, cl\u00f4tur\u00e9e le 31 juillet 2026, l\u2019Autorit\u00e9 de la concurrence organise le 5 octobre prochain un atelier \u00ab \u00c9conomie et Durabilit\u00e9 \u00bb sur le th\u00e8me des b\u00e9n\u00e9fices environnementaux, qui r\u00e9unira chercheurs et [&hellip;]<\/p>\n","protected":false},"author":1,"featured_media":860,"comment_status":"open","ping_status":"open","sticky":false,"template":"","format":"standard","meta":{"footnotes":""},"categories":[25],"tags":[],"class_list":["post-859","post","type-post","status-publish","format-standard","has-post-thumbnail","hentry","category-relations-entre-concurrents"],"yoast_head":"<!-- This site is optimized with the Yoast SEO plugin v28.3 - https:\/\/yoast.com\/product\/yoast-seo-wordpress\/ -->\n<title>Coop\u00e9rations entre concurrents &amp; D\u00e9veloppement durable : enjeux - SANZ | AVOCAT<\/title>\n<meta name=\"description\" content=\"Le d\u00e9veloppement durable est au c\u0153ur de nombreux accords de coop\u00e9ration entre concurrents. Mais comment s&#039;assurer de leur conformit\u00e9 au droit de la concurrence et comment d\u00e9montrer ses b\u00e9n\u00e9fices sur l&#039;environnement?\" \/>\n<meta name=\"robots\" content=\"index, follow, max-snippet:-1, max-image-preview:large, max-video-preview:-1\" \/>\n<link rel=\"canonical\" href=\"https:\/\/sanz-avocat.com\/index.php\/2026\/08\/30\/cooperations-en-matiere-de-durabilite-vers-une-meilleure-prise-en-compte-des-benefices-environnementaux\/\" \/>\n<meta property=\"og:locale\" content=\"fr_FR\" \/>\n<meta property=\"og:type\" content=\"article\" \/>\n<meta property=\"og:title\" content=\"Coop\u00e9rations entre concurrents &amp; D\u00e9veloppement durable : enjeux - SANZ | AVOCAT\" \/>\n<meta property=\"og:description\" content=\"Le d\u00e9veloppement durable est au c\u0153ur de nombreux accords de coop\u00e9ration entre concurrents. Mais comment s&#039;assurer de leur conformit\u00e9 au droit de la concurrence et comment d\u00e9montrer ses b\u00e9n\u00e9fices sur l&#039;environnement?\" \/>\n<meta property=\"og:url\" content=\"https:\/\/sanz-avocat.com\/index.php\/2026\/08\/30\/cooperations-en-matiere-de-durabilite-vers-une-meilleure-prise-en-compte-des-benefices-environnementaux\/\" \/>\n<meta property=\"og:site_name\" content=\"SANZ | AVOCAT\" \/>\n<meta property=\"article:published_time\" content=\"2026-08-30T17:48:25+00:00\" \/>\n<meta property=\"article:modified_time\" content=\"2026-08-30T20:03:56+00:00\" \/>\n<meta property=\"og:image\" content=\"https:\/\/sanz-avocat.com\/wp-content\/uploads\/2026\/08\/green-scaled.jpg\" \/>\n\t<meta property=\"og:image:width\" content=\"2560\" \/>\n\t<meta property=\"og:image:height\" content=\"1707\" \/>\n\t<meta property=\"og:image:type\" content=\"image\/jpeg\" \/>\n<meta name=\"author\" content=\"Arnaud Sanz\" \/>\n<meta name=\"twitter:card\" content=\"summary_large_image\" \/>\n<meta name=\"twitter:label1\" content=\"\u00c9crit par\" \/>\n\t<meta name=\"twitter:data1\" content=\"Arnaud Sanz\" \/>\n\t<meta name=\"twitter:label2\" content=\"Dur\u00e9e de lecture estim\u00e9e\" \/>\n\t<meta name=\"twitter:data2\" content=\"4 minutes\" \/>\n<script type=\"application\/ld+json\" class=\"yoast-schema-graph\">{\"@context\":\"https:\\\/\\\/schema.org\",\"@graph\":[{\"@type\":\"Article\",\"@id\":\"https:\\\/\\\/sanz-avocat.com\\\/index.php\\\/2026\\\/08\\\/30\\\/cooperations-en-matiere-de-durabilite-vers-une-meilleure-prise-en-compte-des-benefices-environnementaux\\\/#article\",\"isPartOf\":{\"@id\":\"https:\\\/\\\/sanz-avocat.com\\\/index.php\\\/2026\\\/08\\\/30\\\/cooperations-en-matiere-de-durabilite-vers-une-meilleure-prise-en-compte-des-benefices-environnementaux\\\/\"},\"author\":{\"name\":\"Arnaud Sanz\",\"@id\":\"https:\\\/\\\/sanz-avocat.com\\\/#\\\/schema\\\/person\\\/83c1734deb3842510e8244c3c8ee6d55\"},\"headline\":\"Coop\u00e9rations en mati\u00e8re de durabilit\u00e9 : analyse et prise en compte des b\u00e9n\u00e9fices environnementaux?\",\"datePublished\":\"2026-08-30T17:48:25+00:00\",\"dateModified\":\"2026-08-30T20:03:56+00:00\",\"mainEntityOfPage\":{\"@id\":\"https:\\\/\\\/sanz-avocat.com\\\/index.php\\\/2026\\\/08\\\/30\\\/cooperations-en-matiere-de-durabilite-vers-une-meilleure-prise-en-compte-des-benefices-environnementaux\\\/\"},\"wordCount\":717,\"commentCount\":0,\"publisher\":{\"@id\":\"https:\\\/\\\/sanz-avocat.com\\\/#organization\"},\"image\":{\"@id\":\"https:\\\/\\\/sanz-avocat.com\\\/index.php\\\/2026\\\/08\\\/30\\\/cooperations-en-matiere-de-durabilite-vers-une-meilleure-prise-en-compte-des-benefices-environnementaux\\\/#primaryimage\"},\"thumbnailUrl\":\"https:\\\/\\\/sanz-avocat.com\\\/wp-content\\\/uploads\\\/2026\\\/08\\\/green-scaled.jpg\",\"articleSection\":[\"Relations entre concurrents\"],\"inLanguage\":\"fr-FR\",\"potentialAction\":[{\"@type\":\"CommentAction\",\"name\":\"Comment\",\"target\":[\"https:\\\/\\\/sanz-avocat.com\\\/index.php\\\/2026\\\/08\\\/30\\\/cooperations-en-matiere-de-durabilite-vers-une-meilleure-prise-en-compte-des-benefices-environnementaux\\\/#respond\"]}]},{\"@type\":\"WebPage\",\"@id\":\"https:\\\/\\\/sanz-avocat.com\\\/index.php\\\/2026\\\/08\\\/30\\\/cooperations-en-matiere-de-durabilite-vers-une-meilleure-prise-en-compte-des-benefices-environnementaux\\\/\",\"url\":\"https:\\\/\\\/sanz-avocat.com\\\/index.php\\\/2026\\\/08\\\/30\\\/cooperations-en-matiere-de-durabilite-vers-une-meilleure-prise-en-compte-des-benefices-environnementaux\\\/\",\"name\":\"Coop\u00e9rations entre concurrents & D\u00e9veloppement durable : enjeux - SANZ | AVOCAT\",\"isPartOf\":{\"@id\":\"https:\\\/\\\/sanz-avocat.com\\\/#website\"},\"primaryImageOfPage\":{\"@id\":\"https:\\\/\\\/sanz-avocat.com\\\/index.php\\\/2026\\\/08\\\/30\\\/cooperations-en-matiere-de-durabilite-vers-une-meilleure-prise-en-compte-des-benefices-environnementaux\\\/#primaryimage\"},\"image\":{\"@id\":\"https:\\\/\\\/sanz-avocat.com\\\/index.php\\\/2026\\\/08\\\/30\\\/cooperations-en-matiere-de-durabilite-vers-une-meilleure-prise-en-compte-des-benefices-environnementaux\\\/#primaryimage\"},\"thumbnailUrl\":\"https:\\\/\\\/sanz-avocat.com\\\/wp-content\\\/uploads\\\/2026\\\/08\\\/green-scaled.jpg\",\"datePublished\":\"2026-08-30T17:48:25+00:00\",\"dateModified\":\"2026-08-30T20:03:56+00:00\",\"description\":\"Le d\u00e9veloppement durable est au c\u0153ur de nombreux accords de coop\u00e9ration entre concurrents. Mais comment s'assurer de leur conformit\u00e9 au droit de la concurrence et comment d\u00e9montrer ses b\u00e9n\u00e9fices sur l'environnement?\",\"breadcrumb\":{\"@id\":\"https:\\\/\\\/sanz-avocat.com\\\/index.php\\\/2026\\\/08\\\/30\\\/cooperations-en-matiere-de-durabilite-vers-une-meilleure-prise-en-compte-des-benefices-environnementaux\\\/#breadcrumb\"},\"inLanguage\":\"fr-FR\",\"potentialAction\":[{\"@type\":\"ReadAction\",\"target\":[\"https:\\\/\\\/sanz-avocat.com\\\/index.php\\\/2026\\\/08\\\/30\\\/cooperations-en-matiere-de-durabilite-vers-une-meilleure-prise-en-compte-des-benefices-environnementaux\\\/\"]}]},{\"@type\":\"ImageObject\",\"inLanguage\":\"fr-FR\",\"@id\":\"https:\\\/\\\/sanz-avocat.com\\\/index.php\\\/2026\\\/08\\\/30\\\/cooperations-en-matiere-de-durabilite-vers-une-meilleure-prise-en-compte-des-benefices-environnementaux\\\/#primaryimage\",\"url\":\"https:\\\/\\\/sanz-avocat.com\\\/wp-content\\\/uploads\\\/2026\\\/08\\\/green-scaled.jpg\",\"contentUrl\":\"https:\\\/\\\/sanz-avocat.com\\\/wp-content\\\/uploads\\\/2026\\\/08\\\/green-scaled.jpg\",\"width\":2560,\"height\":1707},{\"@type\":\"BreadcrumbList\",\"@id\":\"https:\\\/\\\/sanz-avocat.com\\\/index.php\\\/2026\\\/08\\\/30\\\/cooperations-en-matiere-de-durabilite-vers-une-meilleure-prise-en-compte-des-benefices-environnementaux\\\/#breadcrumb\",\"itemListElement\":[{\"@type\":\"ListItem\",\"position\":1,\"name\":\"Accueil\",\"item\":\"https:\\\/\\\/sanz-avocat.com\\\/\"},{\"@type\":\"ListItem\",\"position\":2,\"name\":\"Coop\u00e9rations en mati\u00e8re de durabilit\u00e9 : analyse et prise en compte des b\u00e9n\u00e9fices environnementaux?\"}]},{\"@type\":\"WebSite\",\"@id\":\"https:\\\/\\\/sanz-avocat.com\\\/#website\",\"url\":\"https:\\\/\\\/sanz-avocat.com\\\/\",\"name\":\"SANZ | AVOCAT\",\"description\":\"Le droit \u00e9conomique sur mesure\",\"publisher\":{\"@id\":\"https:\\\/\\\/sanz-avocat.com\\\/#organization\"},\"potentialAction\":[{\"@type\":\"SearchAction\",\"target\":{\"@type\":\"EntryPoint\",\"urlTemplate\":\"https:\\\/\\\/sanz-avocat.com\\\/?s={search_term_string}\"},\"query-input\":{\"@type\":\"PropertyValueSpecification\",\"valueRequired\":true,\"valueName\":\"search_term_string\"}}],\"inLanguage\":\"fr-FR\"},{\"@type\":\"Organization\",\"@id\":\"https:\\\/\\\/sanz-avocat.com\\\/#organization\",\"name\":\"SANZ | AVOCAT\",\"url\":\"https:\\\/\\\/sanz-avocat.com\\\/\",\"logo\":{\"@type\":\"ImageObject\",\"inLanguage\":\"fr-FR\",\"@id\":\"https:\\\/\\\/sanz-avocat.com\\\/#\\\/schema\\\/logo\\\/image\\\/\",\"url\":\"https:\\\/\\\/sanz-avocat.com\\\/wp-content\\\/uploads\\\/2026\\\/08\\\/Logo2-1.png\",\"contentUrl\":\"https:\\\/\\\/sanz-avocat.com\\\/wp-content\\\/uploads\\\/2026\\\/08\\\/Logo2-1.png\",\"width\":628,\"height\":450,\"caption\":\"SANZ | AVOCAT\"},\"image\":{\"@id\":\"https:\\\/\\\/sanz-avocat.com\\\/#\\\/schema\\\/logo\\\/image\\\/\"}},{\"@type\":\"Person\",\"@id\":\"https:\\\/\\\/sanz-avocat.com\\\/#\\\/schema\\\/person\\\/83c1734deb3842510e8244c3c8ee6d55\",\"name\":\"Arnaud Sanz\",\"pronouns\":\"il\",\"image\":{\"@type\":\"ImageObject\",\"inLanguage\":\"fr-FR\",\"@id\":\"https:\\\/\\\/secure.gravatar.com\\\/avatar\\\/d02419ea3b2818418c3cc90ab186b7c2dae9e4192b0a2427b743bc226a45227b?s=96&d=mm&r=g\",\"url\":\"https:\\\/\\\/secure.gravatar.com\\\/avatar\\\/d02419ea3b2818418c3cc90ab186b7c2dae9e4192b0a2427b743bc226a45227b?s=96&d=mm&r=g\",\"contentUrl\":\"https:\\\/\\\/secure.gravatar.com\\\/avatar\\\/d02419ea3b2818418c3cc90ab186b7c2dae9e4192b0a2427b743bc226a45227b?s=96&d=mm&r=g\",\"caption\":\"Arnaud Sanz\"},\"description\":\"Arnaud Sanz (cabinet SANZ | AVOCAT) est un avocat inscrit au Barreau de Paris, sp\u00e9cialis\u00e9 en droit de la concurrence, distribution, contrats et consommation. Apr\u00e8s avoir exerc\u00e9 en Droit Economique pendant plus de 20 ans dans des cabinets d\u2019avocats internationaux de r\u00e9f\u00e9rence, Arnaud Sanz met \u00e0 la disposition des entreprises une expertise de haut niveau, accessible et personnalis\u00e9e.\",\"sameAs\":[\"http:\\\/\\\/sanz-avocat.com\"],\"url\":\"https:\\\/\\\/sanz-avocat.com\\\/index.php\\\/author\\\/admin8802\\\/\"}]}<\/script>\n<!-- \/ Yoast SEO plugin. -->","yoast_head_json":{"title":"Coop\u00e9rations entre concurrents & D\u00e9veloppement durable : enjeux - SANZ | AVOCAT","description":"Le d\u00e9veloppement durable est au c\u0153ur de nombreux accords de coop\u00e9ration entre concurrents. Mais comment s'assurer de leur conformit\u00e9 au droit de la concurrence et comment d\u00e9montrer ses b\u00e9n\u00e9fices sur l'environnement?","robots":{"index":"index","follow":"follow","max-snippet":"max-snippet:-1","max-image-preview":"max-image-preview:large","max-video-preview":"max-video-preview:-1"},"canonical":"https:\/\/sanz-avocat.com\/index.php\/2026\/08\/30\/cooperations-en-matiere-de-durabilite-vers-une-meilleure-prise-en-compte-des-benefices-environnementaux\/","og_locale":"fr_FR","og_type":"article","og_title":"Coop\u00e9rations entre concurrents & D\u00e9veloppement durable : enjeux - SANZ | AVOCAT","og_description":"Le d\u00e9veloppement durable est au c\u0153ur de nombreux accords de coop\u00e9ration entre concurrents. Mais comment s'assurer de leur conformit\u00e9 au droit de la concurrence et comment d\u00e9montrer ses b\u00e9n\u00e9fices sur l'environnement?","og_url":"https:\/\/sanz-avocat.com\/index.php\/2026\/08\/30\/cooperations-en-matiere-de-durabilite-vers-une-meilleure-prise-en-compte-des-benefices-environnementaux\/","og_site_name":"SANZ | AVOCAT","article_published_time":"2026-08-30T17:48:25+00:00","article_modified_time":"2026-08-30T20:03:56+00:00","og_image":[{"width":2560,"height":1707,"url":"https:\/\/sanz-avocat.com\/wp-content\/uploads\/2026\/08\/green-scaled.jpg","type":"image\/jpeg"}],"author":"Arnaud Sanz","twitter_card":"summary_large_image","twitter_misc":{"\u00c9crit par":"Arnaud Sanz","Dur\u00e9e de lecture estim\u00e9e":"4 minutes"},"schema":{"@context":"https:\/\/schema.org","@graph":[{"@type":"Article","@id":"https:\/\/sanz-avocat.com\/index.php\/2026\/08\/30\/cooperations-en-matiere-de-durabilite-vers-une-meilleure-prise-en-compte-des-benefices-environnementaux\/#article","isPartOf":{"@id":"https:\/\/sanz-avocat.com\/index.php\/2026\/08\/30\/cooperations-en-matiere-de-durabilite-vers-une-meilleure-prise-en-compte-des-benefices-environnementaux\/"},"author":{"name":"Arnaud Sanz","@id":"https:\/\/sanz-avocat.com\/#\/schema\/person\/83c1734deb3842510e8244c3c8ee6d55"},"headline":"Coop\u00e9rations en mati\u00e8re de durabilit\u00e9 : analyse et prise en compte des b\u00e9n\u00e9fices environnementaux?","datePublished":"2026-08-30T17:48:25+00:00","dateModified":"2026-08-30T20:03:56+00:00","mainEntityOfPage":{"@id":"https:\/\/sanz-avocat.com\/index.php\/2026\/08\/30\/cooperations-en-matiere-de-durabilite-vers-une-meilleure-prise-en-compte-des-benefices-environnementaux\/"},"wordCount":717,"commentCount":0,"publisher":{"@id":"https:\/\/sanz-avocat.com\/#organization"},"image":{"@id":"https:\/\/sanz-avocat.com\/index.php\/2026\/08\/30\/cooperations-en-matiere-de-durabilite-vers-une-meilleure-prise-en-compte-des-benefices-environnementaux\/#primaryimage"},"thumbnailUrl":"https:\/\/sanz-avocat.com\/wp-content\/uploads\/2026\/08\/green-scaled.jpg","articleSection":["Relations entre concurrents"],"inLanguage":"fr-FR","potentialAction":[{"@type":"CommentAction","name":"Comment","target":["https:\/\/sanz-avocat.com\/index.php\/2026\/08\/30\/cooperations-en-matiere-de-durabilite-vers-une-meilleure-prise-en-compte-des-benefices-environnementaux\/#respond"]}]},{"@type":"WebPage","@id":"https:\/\/sanz-avocat.com\/index.php\/2026\/08\/30\/cooperations-en-matiere-de-durabilite-vers-une-meilleure-prise-en-compte-des-benefices-environnementaux\/","url":"https:\/\/sanz-avocat.com\/index.php\/2026\/08\/30\/cooperations-en-matiere-de-durabilite-vers-une-meilleure-prise-en-compte-des-benefices-environnementaux\/","name":"Coop\u00e9rations entre concurrents & D\u00e9veloppement durable : enjeux - SANZ | AVOCAT","isPartOf":{"@id":"https:\/\/sanz-avocat.com\/#website"},"primaryImageOfPage":{"@id":"https:\/\/sanz-avocat.com\/index.php\/2026\/08\/30\/cooperations-en-matiere-de-durabilite-vers-une-meilleure-prise-en-compte-des-benefices-environnementaux\/#primaryimage"},"image":{"@id":"https:\/\/sanz-avocat.com\/index.php\/2026\/08\/30\/cooperations-en-matiere-de-durabilite-vers-une-meilleure-prise-en-compte-des-benefices-environnementaux\/#primaryimage"},"thumbnailUrl":"https:\/\/sanz-avocat.com\/wp-content\/uploads\/2026\/08\/green-scaled.jpg","datePublished":"2026-08-30T17:48:25+00:00","dateModified":"2026-08-30T20:03:56+00:00","description":"Le d\u00e9veloppement durable est au c\u0153ur de nombreux accords de coop\u00e9ration entre concurrents. Mais comment s'assurer de leur conformit\u00e9 au droit de la concurrence et comment d\u00e9montrer ses b\u00e9n\u00e9fices sur l'environnement?","breadcrumb":{"@id":"https:\/\/sanz-avocat.com\/index.php\/2026\/08\/30\/cooperations-en-matiere-de-durabilite-vers-une-meilleure-prise-en-compte-des-benefices-environnementaux\/#breadcrumb"},"inLanguage":"fr-FR","potentialAction":[{"@type":"ReadAction","target":["https:\/\/sanz-avocat.com\/index.php\/2026\/08\/30\/cooperations-en-matiere-de-durabilite-vers-une-meilleure-prise-en-compte-des-benefices-environnementaux\/"]}]},{"@type":"ImageObject","inLanguage":"fr-FR","@id":"https:\/\/sanz-avocat.com\/index.php\/2026\/08\/30\/cooperations-en-matiere-de-durabilite-vers-une-meilleure-prise-en-compte-des-benefices-environnementaux\/#primaryimage","url":"https:\/\/sanz-avocat.com\/wp-content\/uploads\/2026\/08\/green-scaled.jpg","contentUrl":"https:\/\/sanz-avocat.com\/wp-content\/uploads\/2026\/08\/green-scaled.jpg","width":2560,"height":1707},{"@type":"BreadcrumbList","@id":"https:\/\/sanz-avocat.com\/index.php\/2026\/08\/30\/cooperations-en-matiere-de-durabilite-vers-une-meilleure-prise-en-compte-des-benefices-environnementaux\/#breadcrumb","itemListElement":[{"@type":"ListItem","position":1,"name":"Accueil","item":"https:\/\/sanz-avocat.com\/"},{"@type":"ListItem","position":2,"name":"Coop\u00e9rations en mati\u00e8re de durabilit\u00e9 : analyse et prise en compte des b\u00e9n\u00e9fices environnementaux?"}]},{"@type":"WebSite","@id":"https:\/\/sanz-avocat.com\/#website","url":"https:\/\/sanz-avocat.com\/","name":"SANZ | AVOCAT","description":"Le droit \u00e9conomique sur mesure","publisher":{"@id":"https:\/\/sanz-avocat.com\/#organization"},"potentialAction":[{"@type":"SearchAction","target":{"@type":"EntryPoint","urlTemplate":"https:\/\/sanz-avocat.com\/?s={search_term_string}"},"query-input":{"@type":"PropertyValueSpecification","valueRequired":true,"valueName":"search_term_string"}}],"inLanguage":"fr-FR"},{"@type":"Organization","@id":"https:\/\/sanz-avocat.com\/#organization","name":"SANZ | AVOCAT","url":"https:\/\/sanz-avocat.com\/","logo":{"@type":"ImageObject","inLanguage":"fr-FR","@id":"https:\/\/sanz-avocat.com\/#\/schema\/logo\/image\/","url":"https:\/\/sanz-avocat.com\/wp-content\/uploads\/2026\/08\/Logo2-1.png","contentUrl":"https:\/\/sanz-avocat.com\/wp-content\/uploads\/2026\/08\/Logo2-1.png","width":628,"height":450,"caption":"SANZ | AVOCAT"},"image":{"@id":"https:\/\/sanz-avocat.com\/#\/schema\/logo\/image\/"}},{"@type":"Person","@id":"https:\/\/sanz-avocat.com\/#\/schema\/person\/83c1734deb3842510e8244c3c8ee6d55","name":"Arnaud Sanz","pronouns":"il","image":{"@type":"ImageObject","inLanguage":"fr-FR","@id":"https:\/\/secure.gravatar.com\/avatar\/d02419ea3b2818418c3cc90ab186b7c2dae9e4192b0a2427b743bc226a45227b?s=96&d=mm&r=g","url":"https:\/\/secure.gravatar.com\/avatar\/d02419ea3b2818418c3cc90ab186b7c2dae9e4192b0a2427b743bc226a45227b?s=96&d=mm&r=g","contentUrl":"https:\/\/secure.gravatar.com\/avatar\/d02419ea3b2818418c3cc90ab186b7c2dae9e4192b0a2427b743bc226a45227b?s=96&d=mm&r=g","caption":"Arnaud Sanz"},"description":"Arnaud Sanz (cabinet SANZ | AVOCAT) est un avocat inscrit au Barreau de Paris, sp\u00e9cialis\u00e9 en droit de la concurrence, distribution, contrats et consommation. Apr\u00e8s avoir exerc\u00e9 en Droit Economique pendant plus de 20 ans dans des cabinets d\u2019avocats internationaux de r\u00e9f\u00e9rence, Arnaud Sanz met \u00e0 la disposition des entreprises une expertise de haut niveau, accessible et personnalis\u00e9e.","sameAs":["http:\/\/sanz-avocat.com"],"url":"https:\/\/sanz-avocat.com\/index.php\/author\/admin8802\/"}]}},"_links":{"self":[{"href":"https:\/\/sanz-avocat.com\/index.php\/wp-json\/wp\/v2\/posts\/859","targetHints":{"allow":["GET"]}}],"collection":[{"href":"https:\/\/sanz-avocat.com\/index.php\/wp-json\/wp\/v2\/posts"}],"about":[{"href":"https:\/\/sanz-avocat.com\/index.php\/wp-json\/wp\/v2\/types\/post"}],"author":[{"embeddable":true,"href":"https:\/\/sanz-avocat.com\/index.php\/wp-json\/wp\/v2\/users\/1"}],"replies":[{"embeddable":true,"href":"https:\/\/sanz-avocat.com\/index.php\/wp-json\/wp\/v2\/comments?post=859"}],"version-history":[{"count":5,"href":"https:\/\/sanz-avocat.com\/index.php\/wp-json\/wp\/v2\/posts\/859\/revisions"}],"predecessor-version":[{"id":909,"href":"https:\/\/sanz-avocat.com\/index.php\/wp-json\/wp\/v2\/posts\/859\/revisions\/909"}],"wp:featuredmedia":[{"embeddable":true,"href":"https:\/\/sanz-avocat.com\/index.php\/wp-json\/wp\/v2\/media\/860"}],"wp:attachment":[{"href":"https:\/\/sanz-avocat.com\/index.php\/wp-json\/wp\/v2\/media?parent=859"}],"wp:term":[{"taxonomy":"category","embeddable":true,"href":"https:\/\/sanz-avocat.com\/index.php\/wp-json\/wp\/v2\/categories?post=859"},{"taxonomy":"post_tag","embeddable":true,"href":"https:\/\/sanz-avocat.com\/index.php\/wp-json\/wp\/v2\/tags?post=859"}],"curies":[{"name":"wp","href":"https:\/\/api.w.org\/{rel}","templated":true}]}}