{"id":866,"date":"2026-08-30T20:13:35","date_gmt":"2026-08-30T18:13:35","guid":{"rendered":"https:\/\/sanz-avocat.com\/?p=866"},"modified":"2026-08-30T22:26:54","modified_gmt":"2026-08-30T20:26:54","slug":"negociations-commerciales-un-calendrier-plus-serre-pour-certaines-conventions-uniques","status":"publish","type":"post","link":"https:\/\/sanz-avocat.com\/index.php\/2026\/08\/30\/negociations-commerciales-un-calendrier-plus-serre-pour-certaines-conventions-uniques\/","title":{"rendered":"N\u00e9gociations commerciales: un calendrier plus serr\u00e9 pour certaines conventions uniques"},"content":{"rendered":"\n<p class=\"has-medium-font-size wp-block-paragraph\">La loi d&rsquo;urgence agricole du 18 ao\u00fbt 2026, entr\u00e9e en vigueur le 20 ao\u00fbt, a drastiquement avanc\u00e9 le calendrier des n\u00e9gociations pour certains fournisseurs cette ann\u00e9e (article 54 de la <a href=\"https:\/\/www.legifrance.gouv.fr\/jorf\/id\/JORFTEXT000054707007\">loi n\u00b0 2026-796 du 18 ao\u00fbt 2026 d&rsquo;urgence pour la protection et la souverainet\u00e9 agricoles<\/a>).<\/p>\n\n\n\n<h2 class=\"wp-block-heading has-medium-font-size\"><strong>Deux dates butoir pour les conventions uniques<\/strong><\/h2>\n\n\n\n<p class=\"has-medium-font-size wp-block-paragraph\">Selon le chiffre d&rsquo;affaires mondial HT (consolid\u00e9 ou combin\u00e9) du fournisseur (dernier exercice clos), deux calendriers distincts s&rsquo;appliquent d\u00e9sormais \u00e0 la convention unique (ou contrat-cadre assorti de contrats d&rsquo;application).<\/p>\n\n\n\n<p class=\"has-medium-font-size wp-block-paragraph\">Quels que soient les produits, la date butoir pour signer la convention sera :<\/p>\n\n\n\n<ul class=\"wp-block-list\">\n<li class=\"has-medium-font-size\">le <strong>31 janvier 2027<\/strong> si le chiffre d&rsquo;affaires du fournisseur (au niveau du groupe) est <strong>&lt; 350 M\u20ac<\/strong> ; <\/li>\n\n\n\n<li class=\"has-medium-font-size\">le <strong>1er mars 2027<\/strong> si son chiffre d&rsquo;affaires est de <strong>350 M\u20ac ou plus<\/strong>.<\/li>\n<\/ul>\n\n\n\n<h2 class=\"wp-block-heading has-medium-font-size\"><strong>Calendrier inchang\u00e9 pour la communication des CGV<\/strong><\/h2>\n\n\n\n<p class=\"has-medium-font-size wp-block-paragraph\">Si les produits distribu\u00e9s incluent des produits de grande consommation (PGC), ou des produits alimentaires ou d&rsquo;alimentation pour animaux de compagnie, le fournisseur doit continuer de transmettre ses <strong>CGV<\/strong> au plus tard le <strong>1er d\u00e9cembre 2026<\/strong>, quel que soit le montant de son chiffre d&rsquo;affaires. <\/p>\n\n\n\n<p class=\"has-medium-font-size wp-block-paragraph\">Pour les autres produits, les CGV devront toujours \u00eatre communiqu\u00e9es dans un d\u00e9lai raisonnable afin de permettre le respect de la date butoir pour la signature de la convention.<\/p>\n\n\n\n<figure class=\"wp-block-image size-large\"><img loading=\"lazy\" decoding=\"async\" width=\"1024\" height=\"488\" src=\"http:\/\/sanz-avocat.com\/wp-content\/uploads\/2026\/08\/Delai-convention-unique-FR-1-1024x488.png\" alt=\"\" class=\"wp-image-692\" srcset=\"https:\/\/sanz-avocat.com\/wp-content\/uploads\/2026\/08\/Delai-convention-unique-FR-1-1024x488.png 1024w, https:\/\/sanz-avocat.com\/wp-content\/uploads\/2026\/08\/Delai-convention-unique-FR-1-300x143.png 300w, https:\/\/sanz-avocat.com\/wp-content\/uploads\/2026\/08\/Delai-convention-unique-FR-1-766x365.png 766w, https:\/\/sanz-avocat.com\/wp-content\/uploads\/2026\/08\/Delai-convention-unique-FR-1-1536x732.png 1536w, https:\/\/sanz-avocat.com\/wp-content\/uploads\/2026\/08\/Delai-convention-unique-FR-1-2048x976.png 2048w\" sizes=\"auto, (max-width: 1024px) 100vw, 1024px\" \/><\/figure>\n\n\n\n<p class=\"wp-block-paragraph\">Publi\u00e9 le 30.08.2026.<\/p>\n","protected":false},"excerpt":{"rendered":"<p>La loi d&rsquo;urgence agricole du 18 ao\u00fbt 2026, entr\u00e9e en vigueur le 20 ao\u00fbt, a drastiquement avanc\u00e9 le calendrier des n\u00e9gociations pour certains fournisseurs cette ann\u00e9e (article 54 de la loi n\u00b0 2026-796 du 18 ao\u00fbt 2026 d&rsquo;urgence pour la protection et la souverainet\u00e9 agricoles). Deux dates butoir pour les conventions uniques Selon le chiffre [&hellip;]<\/p>\n","protected":false},"author":1,"featured_media":869,"comment_status":"open","ping_status":"open","sticky":false,"template":"","format":"standard","meta":{"footnotes":""},"categories":[27],"tags":[],"class_list":["post-866","post","type-post","status-publish","format-standard","has-post-thumbnail","hentry","category-relations-commerciales"],"yoast_head":"<!-- This site is optimized with the Yoast SEO plugin v28.3 - https:\/\/yoast.com\/product\/yoast-seo-wordpress\/ -->\n<title>Un nouveau calendrier des n\u00e9gociations commerciales 2026-2027 - SANZ | AVOCAT<\/title>\n<meta name=\"description\" content=\"D\u00e9couvrez les d\u00e9lais applicables aux n\u00e9gociations commerciales pour la rentr\u00e9e 2026 apr\u00e8s l&#039;adoption de la loi d&#039;urgence agricole.\" \/>\n<meta name=\"robots\" content=\"index, follow, max-snippet:-1, max-image-preview:large, max-video-preview:-1\" \/>\n<link rel=\"canonical\" href=\"https:\/\/sanz-avocat.com\/index.php\/2026\/08\/30\/negociations-commerciales-un-calendrier-plus-serre-pour-certaines-conventions-uniques\/\" \/>\n<meta property=\"og:locale\" content=\"fr_FR\" \/>\n<meta property=\"og:type\" content=\"article\" \/>\n<meta property=\"og:title\" content=\"Un nouveau calendrier des n\u00e9gociations commerciales 2026-2027 - SANZ | AVOCAT\" \/>\n<meta property=\"og:description\" content=\"D\u00e9couvrez les d\u00e9lais applicables aux n\u00e9gociations commerciales pour la rentr\u00e9e 2026 apr\u00e8s l&#039;adoption de la loi d&#039;urgence agricole.\" \/>\n<meta property=\"og:url\" content=\"https:\/\/sanz-avocat.com\/index.php\/2026\/08\/30\/negociations-commerciales-un-calendrier-plus-serre-pour-certaines-conventions-uniques\/\" \/>\n<meta property=\"og:site_name\" content=\"SANZ | AVOCAT\" \/>\n<meta property=\"article:published_time\" content=\"2026-08-30T18:13:35+00:00\" \/>\n<meta property=\"article:modified_time\" content=\"2026-08-30T20:26:54+00:00\" \/>\n<meta property=\"og:image\" content=\"https:\/\/sanz-avocat.com\/wp-content\/uploads\/2026\/08\/Contrat-1.jpeg\" \/>\n\t<meta property=\"og:image:width\" content=\"800\" \/>\n\t<meta property=\"og:image:height\" content=\"533\" \/>\n\t<meta property=\"og:image:type\" content=\"image\/jpeg\" \/>\n<meta name=\"author\" content=\"Arnaud Sanz\" \/>\n<meta name=\"twitter:card\" content=\"summary_large_image\" \/>\n<meta name=\"twitter:label1\" content=\"\u00c9crit par\" \/>\n\t<meta name=\"twitter:data1\" content=\"Arnaud Sanz\" \/>\n\t<meta name=\"twitter:label2\" content=\"Dur\u00e9e de lecture estim\u00e9e\" \/>\n\t<meta name=\"twitter:data2\" content=\"2 minutes\" \/>\n<script type=\"application\/ld+json\" class=\"yoast-schema-graph\">{\"@context\":\"https:\\\/\\\/schema.org\",\"@graph\":[{\"@type\":\"Article\",\"@id\":\"https:\\\/\\\/sanz-avocat.com\\\/index.php\\\/2026\\\/08\\\/30\\\/negociations-commerciales-un-calendrier-plus-serre-pour-certaines-conventions-uniques\\\/#article\",\"isPartOf\":{\"@id\":\"https:\\\/\\\/sanz-avocat.com\\\/index.php\\\/2026\\\/08\\\/30\\\/negociations-commerciales-un-calendrier-plus-serre-pour-certaines-conventions-uniques\\\/\"},\"author\":{\"name\":\"Arnaud Sanz\",\"@id\":\"https:\\\/\\\/sanz-avocat.com\\\/#\\\/schema\\\/person\\\/83c1734deb3842510e8244c3c8ee6d55\"},\"headline\":\"N\u00e9gociations commerciales: un calendrier plus serr\u00e9 pour certaines conventions uniques\",\"datePublished\":\"2026-08-30T18:13:35+00:00\",\"dateModified\":\"2026-08-30T20:26:54+00:00\",\"mainEntityOfPage\":{\"@id\":\"https:\\\/\\\/sanz-avocat.com\\\/index.php\\\/2026\\\/08\\\/30\\\/negociations-commerciales-un-calendrier-plus-serre-pour-certaines-conventions-uniques\\\/\"},\"wordCount\":227,\"commentCount\":0,\"publisher\":{\"@id\":\"https:\\\/\\\/sanz-avocat.com\\\/#organization\"},\"image\":{\"@id\":\"https:\\\/\\\/sanz-avocat.com\\\/index.php\\\/2026\\\/08\\\/30\\\/negociations-commerciales-un-calendrier-plus-serre-pour-certaines-conventions-uniques\\\/#primaryimage\"},\"thumbnailUrl\":\"https:\\\/\\\/sanz-avocat.com\\\/wp-content\\\/uploads\\\/2026\\\/08\\\/Contrat-1.jpeg\",\"articleSection\":[\"Relations commerciales\"],\"inLanguage\":\"fr-FR\",\"potentialAction\":[{\"@type\":\"CommentAction\",\"name\":\"Comment\",\"target\":[\"https:\\\/\\\/sanz-avocat.com\\\/index.php\\\/2026\\\/08\\\/30\\\/negociations-commerciales-un-calendrier-plus-serre-pour-certaines-conventions-uniques\\\/#respond\"]}]},{\"@type\":\"WebPage\",\"@id\":\"https:\\\/\\\/sanz-avocat.com\\\/index.php\\\/2026\\\/08\\\/30\\\/negociations-commerciales-un-calendrier-plus-serre-pour-certaines-conventions-uniques\\\/\",\"url\":\"https:\\\/\\\/sanz-avocat.com\\\/index.php\\\/2026\\\/08\\\/30\\\/negociations-commerciales-un-calendrier-plus-serre-pour-certaines-conventions-uniques\\\/\",\"name\":\"Un nouveau calendrier des n\u00e9gociations commerciales 2026-2027 - SANZ | AVOCAT\",\"isPartOf\":{\"@id\":\"https:\\\/\\\/sanz-avocat.com\\\/#website\"},\"primaryImageOfPage\":{\"@id\":\"https:\\\/\\\/sanz-avocat.com\\\/index.php\\\/2026\\\/08\\\/30\\\/negociations-commerciales-un-calendrier-plus-serre-pour-certaines-conventions-uniques\\\/#primaryimage\"},\"image\":{\"@id\":\"https:\\\/\\\/sanz-avocat.com\\\/index.php\\\/2026\\\/08\\\/30\\\/negociations-commerciales-un-calendrier-plus-serre-pour-certaines-conventions-uniques\\\/#primaryimage\"},\"thumbnailUrl\":\"https:\\\/\\\/sanz-avocat.com\\\/wp-content\\\/uploads\\\/2026\\\/08\\\/Contrat-1.jpeg\",\"datePublished\":\"2026-08-30T18:13:35+00:00\",\"dateModified\":\"2026-08-30T20:26:54+00:00\",\"description\":\"D\u00e9couvrez les d\u00e9lais applicables aux n\u00e9gociations commerciales pour la rentr\u00e9e 2026 apr\u00e8s l'adoption de la loi d'urgence agricole.\",\"breadcrumb\":{\"@id\":\"https:\\\/\\\/sanz-avocat.com\\\/index.php\\\/2026\\\/08\\\/30\\\/negociations-commerciales-un-calendrier-plus-serre-pour-certaines-conventions-uniques\\\/#breadcrumb\"},\"inLanguage\":\"fr-FR\",\"potentialAction\":[{\"@type\":\"ReadAction\",\"target\":[\"https:\\\/\\\/sanz-avocat.com\\\/index.php\\\/2026\\\/08\\\/30\\\/negociations-commerciales-un-calendrier-plus-serre-pour-certaines-conventions-uniques\\\/\"]}]},{\"@type\":\"ImageObject\",\"inLanguage\":\"fr-FR\",\"@id\":\"https:\\\/\\\/sanz-avocat.com\\\/index.php\\\/2026\\\/08\\\/30\\\/negociations-commerciales-un-calendrier-plus-serre-pour-certaines-conventions-uniques\\\/#primaryimage\",\"url\":\"https:\\\/\\\/sanz-avocat.com\\\/wp-content\\\/uploads\\\/2026\\\/08\\\/Contrat-1.jpeg\",\"contentUrl\":\"https:\\\/\\\/sanz-avocat.com\\\/wp-content\\\/uploads\\\/2026\\\/08\\\/Contrat-1.jpeg\",\"width\":800,\"height\":533},{\"@type\":\"BreadcrumbList\",\"@id\":\"https:\\\/\\\/sanz-avocat.com\\\/index.php\\\/2026\\\/08\\\/30\\\/negociations-commerciales-un-calendrier-plus-serre-pour-certaines-conventions-uniques\\\/#breadcrumb\",\"itemListElement\":[{\"@type\":\"ListItem\",\"position\":1,\"name\":\"Accueil\",\"item\":\"https:\\\/\\\/sanz-avocat.com\\\/\"},{\"@type\":\"ListItem\",\"position\":2,\"name\":\"N\u00e9gociations commerciales: un calendrier plus serr\u00e9 pour certaines conventions uniques\"}]},{\"@type\":\"WebSite\",\"@id\":\"https:\\\/\\\/sanz-avocat.com\\\/#website\",\"url\":\"https:\\\/\\\/sanz-avocat.com\\\/\",\"name\":\"SANZ | AVOCAT\",\"description\":\"Le droit \u00e9conomique sur mesure\",\"publisher\":{\"@id\":\"https:\\\/\\\/sanz-avocat.com\\\/#organization\"},\"potentialAction\":[{\"@type\":\"SearchAction\",\"target\":{\"@type\":\"EntryPoint\",\"urlTemplate\":\"https:\\\/\\\/sanz-avocat.com\\\/?s={search_term_string}\"},\"query-input\":{\"@type\":\"PropertyValueSpecification\",\"valueRequired\":true,\"valueName\":\"search_term_string\"}}],\"inLanguage\":\"fr-FR\"},{\"@type\":\"Organization\",\"@id\":\"https:\\\/\\\/sanz-avocat.com\\\/#organization\",\"name\":\"SANZ | AVOCAT\",\"url\":\"https:\\\/\\\/sanz-avocat.com\\\/\",\"logo\":{\"@type\":\"ImageObject\",\"inLanguage\":\"fr-FR\",\"@id\":\"https:\\\/\\\/sanz-avocat.com\\\/#\\\/schema\\\/logo\\\/image\\\/\",\"url\":\"https:\\\/\\\/sanz-avocat.com\\\/wp-content\\\/uploads\\\/2026\\\/08\\\/Logo2-1.png\",\"contentUrl\":\"https:\\\/\\\/sanz-avocat.com\\\/wp-content\\\/uploads\\\/2026\\\/08\\\/Logo2-1.png\",\"width\":628,\"height\":450,\"caption\":\"SANZ | AVOCAT\"},\"image\":{\"@id\":\"https:\\\/\\\/sanz-avocat.com\\\/#\\\/schema\\\/logo\\\/image\\\/\"}},{\"@type\":\"Person\",\"@id\":\"https:\\\/\\\/sanz-avocat.com\\\/#\\\/schema\\\/person\\\/83c1734deb3842510e8244c3c8ee6d55\",\"name\":\"Arnaud Sanz\",\"pronouns\":\"il\",\"image\":{\"@type\":\"ImageObject\",\"inLanguage\":\"fr-FR\",\"@id\":\"https:\\\/\\\/secure.gravatar.com\\\/avatar\\\/d02419ea3b2818418c3cc90ab186b7c2dae9e4192b0a2427b743bc226a45227b?s=96&d=mm&r=g\",\"url\":\"https:\\\/\\\/secure.gravatar.com\\\/avatar\\\/d02419ea3b2818418c3cc90ab186b7c2dae9e4192b0a2427b743bc226a45227b?s=96&d=mm&r=g\",\"contentUrl\":\"https:\\\/\\\/secure.gravatar.com\\\/avatar\\\/d02419ea3b2818418c3cc90ab186b7c2dae9e4192b0a2427b743bc226a45227b?s=96&d=mm&r=g\",\"caption\":\"Arnaud Sanz\"},\"description\":\"Arnaud Sanz (cabinet SANZ | AVOCAT) est un avocat inscrit au Barreau de Paris, sp\u00e9cialis\u00e9 en droit de la concurrence, distribution, contrats et consommation. Apr\u00e8s avoir exerc\u00e9 en Droit Economique pendant plus de 20 ans dans des cabinets d\u2019avocats internationaux de r\u00e9f\u00e9rence, Arnaud Sanz met \u00e0 la disposition des entreprises une expertise de haut niveau, accessible et personnalis\u00e9e.\",\"sameAs\":[\"http:\\\/\\\/sanz-avocat.com\"],\"url\":\"https:\\\/\\\/sanz-avocat.com\\\/index.php\\\/author\\\/admin8802\\\/\"}]}<\/script>\n<!-- \/ Yoast SEO plugin. -->","yoast_head_json":{"title":"Un nouveau calendrier des n\u00e9gociations commerciales 2026-2027 - SANZ | AVOCAT","description":"D\u00e9couvrez les d\u00e9lais applicables aux n\u00e9gociations commerciales pour la rentr\u00e9e 2026 apr\u00e8s l'adoption de la loi d'urgence agricole.","robots":{"index":"index","follow":"follow","max-snippet":"max-snippet:-1","max-image-preview":"max-image-preview:large","max-video-preview":"max-video-preview:-1"},"canonical":"https:\/\/sanz-avocat.com\/index.php\/2026\/08\/30\/negociations-commerciales-un-calendrier-plus-serre-pour-certaines-conventions-uniques\/","og_locale":"fr_FR","og_type":"article","og_title":"Un nouveau calendrier des n\u00e9gociations commerciales 2026-2027 - SANZ | AVOCAT","og_description":"D\u00e9couvrez les d\u00e9lais applicables aux n\u00e9gociations commerciales pour la rentr\u00e9e 2026 apr\u00e8s l'adoption de la loi d'urgence agricole.","og_url":"https:\/\/sanz-avocat.com\/index.php\/2026\/08\/30\/negociations-commerciales-un-calendrier-plus-serre-pour-certaines-conventions-uniques\/","og_site_name":"SANZ | AVOCAT","article_published_time":"2026-08-30T18:13:35+00:00","article_modified_time":"2026-08-30T20:26:54+00:00","og_image":[{"width":800,"height":533,"url":"https:\/\/sanz-avocat.com\/wp-content\/uploads\/2026\/08\/Contrat-1.jpeg","type":"image\/jpeg"}],"author":"Arnaud Sanz","twitter_card":"summary_large_image","twitter_misc":{"\u00c9crit par":"Arnaud Sanz","Dur\u00e9e de lecture estim\u00e9e":"2 minutes"},"schema":{"@context":"https:\/\/schema.org","@graph":[{"@type":"Article","@id":"https:\/\/sanz-avocat.com\/index.php\/2026\/08\/30\/negociations-commerciales-un-calendrier-plus-serre-pour-certaines-conventions-uniques\/#article","isPartOf":{"@id":"https:\/\/sanz-avocat.com\/index.php\/2026\/08\/30\/negociations-commerciales-un-calendrier-plus-serre-pour-certaines-conventions-uniques\/"},"author":{"name":"Arnaud Sanz","@id":"https:\/\/sanz-avocat.com\/#\/schema\/person\/83c1734deb3842510e8244c3c8ee6d55"},"headline":"N\u00e9gociations commerciales: un calendrier plus serr\u00e9 pour certaines conventions uniques","datePublished":"2026-08-30T18:13:35+00:00","dateModified":"2026-08-30T20:26:54+00:00","mainEntityOfPage":{"@id":"https:\/\/sanz-avocat.com\/index.php\/2026\/08\/30\/negociations-commerciales-un-calendrier-plus-serre-pour-certaines-conventions-uniques\/"},"wordCount":227,"commentCount":0,"publisher":{"@id":"https:\/\/sanz-avocat.com\/#organization"},"image":{"@id":"https:\/\/sanz-avocat.com\/index.php\/2026\/08\/30\/negociations-commerciales-un-calendrier-plus-serre-pour-certaines-conventions-uniques\/#primaryimage"},"thumbnailUrl":"https:\/\/sanz-avocat.com\/wp-content\/uploads\/2026\/08\/Contrat-1.jpeg","articleSection":["Relations commerciales"],"inLanguage":"fr-FR","potentialAction":[{"@type":"CommentAction","name":"Comment","target":["https:\/\/sanz-avocat.com\/index.php\/2026\/08\/30\/negociations-commerciales-un-calendrier-plus-serre-pour-certaines-conventions-uniques\/#respond"]}]},{"@type":"WebPage","@id":"https:\/\/sanz-avocat.com\/index.php\/2026\/08\/30\/negociations-commerciales-un-calendrier-plus-serre-pour-certaines-conventions-uniques\/","url":"https:\/\/sanz-avocat.com\/index.php\/2026\/08\/30\/negociations-commerciales-un-calendrier-plus-serre-pour-certaines-conventions-uniques\/","name":"Un nouveau calendrier des n\u00e9gociations commerciales 2026-2027 - SANZ | AVOCAT","isPartOf":{"@id":"https:\/\/sanz-avocat.com\/#website"},"primaryImageOfPage":{"@id":"https:\/\/sanz-avocat.com\/index.php\/2026\/08\/30\/negociations-commerciales-un-calendrier-plus-serre-pour-certaines-conventions-uniques\/#primaryimage"},"image":{"@id":"https:\/\/sanz-avocat.com\/index.php\/2026\/08\/30\/negociations-commerciales-un-calendrier-plus-serre-pour-certaines-conventions-uniques\/#primaryimage"},"thumbnailUrl":"https:\/\/sanz-avocat.com\/wp-content\/uploads\/2026\/08\/Contrat-1.jpeg","datePublished":"2026-08-30T18:13:35+00:00","dateModified":"2026-08-30T20:26:54+00:00","description":"D\u00e9couvrez les d\u00e9lais applicables aux n\u00e9gociations commerciales pour la rentr\u00e9e 2026 apr\u00e8s l'adoption de la loi d'urgence agricole.","breadcrumb":{"@id":"https:\/\/sanz-avocat.com\/index.php\/2026\/08\/30\/negociations-commerciales-un-calendrier-plus-serre-pour-certaines-conventions-uniques\/#breadcrumb"},"inLanguage":"fr-FR","potentialAction":[{"@type":"ReadAction","target":["https:\/\/sanz-avocat.com\/index.php\/2026\/08\/30\/negociations-commerciales-un-calendrier-plus-serre-pour-certaines-conventions-uniques\/"]}]},{"@type":"ImageObject","inLanguage":"fr-FR","@id":"https:\/\/sanz-avocat.com\/index.php\/2026\/08\/30\/negociations-commerciales-un-calendrier-plus-serre-pour-certaines-conventions-uniques\/#primaryimage","url":"https:\/\/sanz-avocat.com\/wp-content\/uploads\/2026\/08\/Contrat-1.jpeg","contentUrl":"https:\/\/sanz-avocat.com\/wp-content\/uploads\/2026\/08\/Contrat-1.jpeg","width":800,"height":533},{"@type":"BreadcrumbList","@id":"https:\/\/sanz-avocat.com\/index.php\/2026\/08\/30\/negociations-commerciales-un-calendrier-plus-serre-pour-certaines-conventions-uniques\/#breadcrumb","itemListElement":[{"@type":"ListItem","position":1,"name":"Accueil","item":"https:\/\/sanz-avocat.com\/"},{"@type":"ListItem","position":2,"name":"N\u00e9gociations commerciales: un calendrier plus serr\u00e9 pour certaines conventions uniques"}]},{"@type":"WebSite","@id":"https:\/\/sanz-avocat.com\/#website","url":"https:\/\/sanz-avocat.com\/","name":"SANZ | AVOCAT","description":"Le droit \u00e9conomique sur mesure","publisher":{"@id":"https:\/\/sanz-avocat.com\/#organization"},"potentialAction":[{"@type":"SearchAction","target":{"@type":"EntryPoint","urlTemplate":"https:\/\/sanz-avocat.com\/?s={search_term_string}"},"query-input":{"@type":"PropertyValueSpecification","valueRequired":true,"valueName":"search_term_string"}}],"inLanguage":"fr-FR"},{"@type":"Organization","@id":"https:\/\/sanz-avocat.com\/#organization","name":"SANZ | AVOCAT","url":"https:\/\/sanz-avocat.com\/","logo":{"@type":"ImageObject","inLanguage":"fr-FR","@id":"https:\/\/sanz-avocat.com\/#\/schema\/logo\/image\/","url":"https:\/\/sanz-avocat.com\/wp-content\/uploads\/2026\/08\/Logo2-1.png","contentUrl":"https:\/\/sanz-avocat.com\/wp-content\/uploads\/2026\/08\/Logo2-1.png","width":628,"height":450,"caption":"SANZ | AVOCAT"},"image":{"@id":"https:\/\/sanz-avocat.com\/#\/schema\/logo\/image\/"}},{"@type":"Person","@id":"https:\/\/sanz-avocat.com\/#\/schema\/person\/83c1734deb3842510e8244c3c8ee6d55","name":"Arnaud Sanz","pronouns":"il","image":{"@type":"ImageObject","inLanguage":"fr-FR","@id":"https:\/\/secure.gravatar.com\/avatar\/d02419ea3b2818418c3cc90ab186b7c2dae9e4192b0a2427b743bc226a45227b?s=96&d=mm&r=g","url":"https:\/\/secure.gravatar.com\/avatar\/d02419ea3b2818418c3cc90ab186b7c2dae9e4192b0a2427b743bc226a45227b?s=96&d=mm&r=g","contentUrl":"https:\/\/secure.gravatar.com\/avatar\/d02419ea3b2818418c3cc90ab186b7c2dae9e4192b0a2427b743bc226a45227b?s=96&d=mm&r=g","caption":"Arnaud Sanz"},"description":"Arnaud Sanz (cabinet SANZ | AVOCAT) est un avocat inscrit au Barreau de Paris, sp\u00e9cialis\u00e9 en droit de la concurrence, distribution, contrats et consommation. Apr\u00e8s avoir exerc\u00e9 en Droit Economique pendant plus de 20 ans dans des cabinets d\u2019avocats internationaux de r\u00e9f\u00e9rence, Arnaud Sanz met \u00e0 la disposition des entreprises une expertise de haut niveau, accessible et personnalis\u00e9e.","sameAs":["http:\/\/sanz-avocat.com"],"url":"https:\/\/sanz-avocat.com\/index.php\/author\/admin8802\/"}]}},"_links":{"self":[{"href":"https:\/\/sanz-avocat.com\/index.php\/wp-json\/wp\/v2\/posts\/866","targetHints":{"allow":["GET"]}}],"collection":[{"href":"https:\/\/sanz-avocat.com\/index.php\/wp-json\/wp\/v2\/posts"}],"about":[{"href":"https:\/\/sanz-avocat.com\/index.php\/wp-json\/wp\/v2\/types\/post"}],"author":[{"embeddable":true,"href":"https:\/\/sanz-avocat.com\/index.php\/wp-json\/wp\/v2\/users\/1"}],"replies":[{"embeddable":true,"href":"https:\/\/sanz-avocat.com\/index.php\/wp-json\/wp\/v2\/comments?post=866"}],"version-history":[{"count":3,"href":"https:\/\/sanz-avocat.com\/index.php\/wp-json\/wp\/v2\/posts\/866\/revisions"}],"predecessor-version":[{"id":934,"href":"https:\/\/sanz-avocat.com\/index.php\/wp-json\/wp\/v2\/posts\/866\/revisions\/934"}],"wp:featuredmedia":[{"embeddable":true,"href":"https:\/\/sanz-avocat.com\/index.php\/wp-json\/wp\/v2\/media\/869"}],"wp:attachment":[{"href":"https:\/\/sanz-avocat.com\/index.php\/wp-json\/wp\/v2\/media?parent=866"}],"wp:term":[{"taxonomy":"category","embeddable":true,"href":"https:\/\/sanz-avocat.com\/index.php\/wp-json\/wp\/v2\/categories?post=866"},{"taxonomy":"post_tag","embeddable":true,"href":"https:\/\/sanz-avocat.com\/index.php\/wp-json\/wp\/v2\/tags?post=866"}],"curies":[{"name":"wp","href":"https:\/\/api.w.org\/{rel}","templated":true}]}}