{"id":888,"date":"2026-08-30T21:17:52","date_gmt":"2026-08-30T19:17:52","guid":{"rendered":"https:\/\/sanz-avocat.com\/?p=888"},"modified":"2026-09-01T06:29:11","modified_gmt":"2026-09-01T04:29:11","slug":"merger-control-below-the-thresholds-but-soon-within-reach-in-france","status":"publish","type":"post","link":"https:\/\/sanz-avocat.com\/index.php\/en\/2026\/08\/30\/merger-control-below-the-thresholds-but-soon-within-reach-in-france\/","title":{"rendered":"Merger Control: Below the Thresholds, but Soon Within Reach in France?"},"content":{"rendered":"\n<p class=\"has-medium-font-size wp-block-paragraph\">Despite the recent <strong><a href=\"https:\/\/sanz-avocat.com\/index.php\/en\/2026\/08\/30\/merger-control-new-notification-thresholds-applicable-in-france\/\">increase in French merger control notification thresholds<\/a><\/strong>, discussions continue regarding the possible introduction of a mechanism allowing the review of transactions that fall below those thresholds.<\/p>\n\n\n\n<h2 class=\"wp-block-heading has-x-large-font-size\">What is the objective?<\/h2>\n\n\n\n<p class=\"has-medium-font-size wp-block-paragraph\">As highlighted in its <strong><a href=\"https:\/\/www.autoritedelaconcurrence.fr\/fr\/publications\/rapport-annuel-2025\" data-type=\"link\" data-id=\"https:\/\/www.autoritedelaconcurrence.fr\/fr\/publications\/rapport-annuel-2025\">2025 Annual Report<\/a><\/strong>, published in July 2026, the French Competition Authority continues to advocate the introduction of a <strong>call-in power<\/strong> enabling it to review certain transactions that are not subject to mandatory notification.<\/p>\n\n\n\n<p class=\"has-medium-font-size wp-block-paragraph\">The aim is to prevent acquisitions involving businesses that currently generate little turnover but have significant competitive potential from escaping merger control scrutiny, particularly in the <strong>digital, healthcare and biotechnology sectors<\/strong>.<\/p>\n\n\n\n<h2 class=\"wp-block-heading\">What would be the criteria?<\/h2>\n\n\n\n<p class=\"has-medium-font-size wp-block-paragraph\">Following the public consultation conducted in 2025, the Authority has expressed a preference for a targeted and proportionate mechanism based on several cumulative criteria:<\/p>\n\n\n\n<ul class=\"wp-block-list\">\n<li class=\"has-medium-font-size\">an identifiable turnover threshold;<\/li>\n\n\n\n<li class=\"has-medium-font-size\">a sufficient nexus with France;<\/li>\n\n\n\n<li class=\"has-medium-font-size\">the existence of a competition concern; and<\/li>\n\n\n\n<li class=\"has-medium-font-size\">short intervention deadlines.<\/li>\n<\/ul>\n\n\n\n<h2 class=\"wp-block-heading\">What legal basis would be required?<\/h2>\n\n\n\n<p class=\"has-medium-font-size wp-block-paragraph\">The introduction of such a mechanism would require an amendment to the French Commercial Code. The Authority has already indicated that, should such reform be enacted, it would publish guidelines setting out the conditions for the exercise of its call-in power in order to enhance legal certainty and predictability for businesses.<\/p>\n\n\n\n<h2 class=\"wp-block-heading\">What would be the implications for M&amp;A transactions?<\/h2>\n\n\n\n<p class=\"has-medium-font-size wp-block-paragraph\">If adopted, the mere fact that an acquisition falls below the notification thresholds would no longer be sufficient to rule out the risk of prior regulatory review in France.<\/p>\n\n\n\n<p class=\"has-medium-font-size wp-block-paragraph\">For transactions likely to have a significant impact on competition, particularly the acquisition of an <strong>innovative, emerging or rapidly growing company by an already powerful market player<\/strong>, the possibility of a call-in review would need to be factored into the transaction timetable from the very outset of the merger control assessment.<\/p>\n\n\n\n<p class=\"has-medium-font-size wp-block-paragraph\">That said, France would not be acting in isolation. Similar risks already exist internationally: <strong>ten Member States of the European Economic Area<\/strong> have mechanisms allowing the review of certain concentrations falling below the ordinary notification thresholds (<strong>Denmark, Hungary, Ireland, Italy, Iceland, Latvia, Lithuania, Norway, Slovenia and Sweden<\/strong>), while several other jurisdictions are also considering adopting comparable regimes.<\/p>\n\n\n\n<p class=\"wp-block-paragraph\">Published on 30.08.2026.<\/p>\n","protected":false},"excerpt":{"rendered":"<p>Despite the recent increase in French merger control notification thresholds, discussions continue regarding the possible introduction of a mechanism allowing the review of transactions that fall below those thresholds. What is the objective? As highlighted in its 2025 Annual Report, published in July 2026, the French Competition Authority continues to advocate the introduction of a [&hellip;]<\/p>\n","protected":false},"author":1,"featured_media":851,"comment_status":"open","ping_status":"open","sticky":false,"template":"","format":"standard","meta":{"footnotes":""},"categories":[35],"tags":[],"class_list":["post-888","post","type-post","status-publish","format-standard","has-post-thumbnail","hentry","category-competition-law-issues-in-ma"],"yoast_head":"<!-- This site is optimized with the Yoast SEO plugin v28.3 - https:\/\/yoast.com\/product\/yoast-seo-wordpress\/ -->\n<title>Below-threshold mergers in France : Issues - SANZ | AVOCAT<\/title>\n<meta name=\"description\" content=\"Below-threshold mergers in France : Issues and proposed mechanisms to strengthen scrutiny of these transactions.\" \/>\n<meta name=\"robots\" content=\"index, follow, max-snippet:-1, max-image-preview:large, max-video-preview:-1\" \/>\n<link rel=\"canonical\" href=\"https:\/\/sanz-avocat.com\/index.php\/en\/2026\/08\/30\/merger-control-below-the-thresholds-but-soon-within-reach-in-france\/\" \/>\n<meta property=\"og:locale\" content=\"fr_FR\" \/>\n<meta property=\"og:type\" content=\"article\" \/>\n<meta property=\"og:title\" content=\"Below-threshold mergers in France : Issues - SANZ | AVOCAT\" \/>\n<meta property=\"og:description\" content=\"Below-threshold mergers in France : Issues and proposed mechanisms to strengthen scrutiny of these transactions.\" \/>\n<meta property=\"og:url\" content=\"https:\/\/sanz-avocat.com\/index.php\/en\/2026\/08\/30\/merger-control-below-the-thresholds-but-soon-within-reach-in-france\/\" \/>\n<meta property=\"og:site_name\" content=\"SANZ | AVOCAT\" \/>\n<meta property=\"article:published_time\" content=\"2026-08-30T19:17:52+00:00\" \/>\n<meta property=\"article:modified_time\" content=\"2026-09-01T04:29:11+00:00\" \/>\n<meta property=\"og:image\" content=\"https:\/\/sanz-avocat.com\/wp-content\/uploads\/2026\/08\/sous-les-seuils-scaled.jpg\" \/>\n\t<meta property=\"og:image:width\" content=\"1920\" \/>\n\t<meta property=\"og:image:height\" content=\"2560\" \/>\n\t<meta property=\"og:image:type\" content=\"image\/jpeg\" \/>\n<meta name=\"author\" content=\"Arnaud Sanz\" \/>\n<meta name=\"twitter:card\" content=\"summary_large_image\" \/>\n<meta name=\"twitter:label1\" content=\"\u00c9crit par\" \/>\n\t<meta name=\"twitter:data1\" content=\"Arnaud Sanz\" \/>\n\t<meta name=\"twitter:label2\" content=\"Dur\u00e9e de lecture estim\u00e9e\" \/>\n\t<meta name=\"twitter:data2\" content=\"3 minutes\" \/>\n<script type=\"application\/ld+json\" class=\"yoast-schema-graph\">{\"@context\":\"https:\\\/\\\/schema.org\",\"@graph\":[{\"@type\":\"Article\",\"@id\":\"https:\\\/\\\/sanz-avocat.com\\\/index.php\\\/en\\\/2026\\\/08\\\/30\\\/merger-control-below-the-thresholds-but-soon-within-reach-in-france\\\/#article\",\"isPartOf\":{\"@id\":\"https:\\\/\\\/sanz-avocat.com\\\/index.php\\\/en\\\/2026\\\/08\\\/30\\\/merger-control-below-the-thresholds-but-soon-within-reach-in-france\\\/\"},\"author\":{\"name\":\"Arnaud Sanz\",\"@id\":\"https:\\\/\\\/sanz-avocat.com\\\/#\\\/schema\\\/person\\\/83c1734deb3842510e8244c3c8ee6d55\"},\"headline\":\"Merger Control: Below the Thresholds, but Soon Within Reach in France?\",\"datePublished\":\"2026-08-30T19:17:52+00:00\",\"dateModified\":\"2026-09-01T04:29:11+00:00\",\"mainEntityOfPage\":{\"@id\":\"https:\\\/\\\/sanz-avocat.com\\\/index.php\\\/en\\\/2026\\\/08\\\/30\\\/merger-control-below-the-thresholds-but-soon-within-reach-in-france\\\/\"},\"wordCount\":363,\"commentCount\":0,\"publisher\":{\"@id\":\"https:\\\/\\\/sanz-avocat.com\\\/#organization\"},\"image\":{\"@id\":\"https:\\\/\\\/sanz-avocat.com\\\/index.php\\\/en\\\/2026\\\/08\\\/30\\\/merger-control-below-the-thresholds-but-soon-within-reach-in-france\\\/#primaryimage\"},\"thumbnailUrl\":\"https:\\\/\\\/sanz-avocat.com\\\/wp-content\\\/uploads\\\/2026\\\/08\\\/sous-les-seuils-scaled.jpg\",\"articleSection\":[\"Competition law issues in M&amp;A\"],\"inLanguage\":\"fr-FR\",\"potentialAction\":[{\"@type\":\"CommentAction\",\"name\":\"Comment\",\"target\":[\"https:\\\/\\\/sanz-avocat.com\\\/index.php\\\/en\\\/2026\\\/08\\\/30\\\/merger-control-below-the-thresholds-but-soon-within-reach-in-france\\\/#respond\"]}]},{\"@type\":\"WebPage\",\"@id\":\"https:\\\/\\\/sanz-avocat.com\\\/index.php\\\/en\\\/2026\\\/08\\\/30\\\/merger-control-below-the-thresholds-but-soon-within-reach-in-france\\\/\",\"url\":\"https:\\\/\\\/sanz-avocat.com\\\/index.php\\\/en\\\/2026\\\/08\\\/30\\\/merger-control-below-the-thresholds-but-soon-within-reach-in-france\\\/\",\"name\":\"Below-threshold mergers in France : Issues - SANZ | AVOCAT\",\"isPartOf\":{\"@id\":\"https:\\\/\\\/sanz-avocat.com\\\/#website\"},\"primaryImageOfPage\":{\"@id\":\"https:\\\/\\\/sanz-avocat.com\\\/index.php\\\/en\\\/2026\\\/08\\\/30\\\/merger-control-below-the-thresholds-but-soon-within-reach-in-france\\\/#primaryimage\"},\"image\":{\"@id\":\"https:\\\/\\\/sanz-avocat.com\\\/index.php\\\/en\\\/2026\\\/08\\\/30\\\/merger-control-below-the-thresholds-but-soon-within-reach-in-france\\\/#primaryimage\"},\"thumbnailUrl\":\"https:\\\/\\\/sanz-avocat.com\\\/wp-content\\\/uploads\\\/2026\\\/08\\\/sous-les-seuils-scaled.jpg\",\"datePublished\":\"2026-08-30T19:17:52+00:00\",\"dateModified\":\"2026-09-01T04:29:11+00:00\",\"description\":\"Below-threshold mergers in France : Issues and proposed mechanisms to strengthen scrutiny of these transactions.\",\"breadcrumb\":{\"@id\":\"https:\\\/\\\/sanz-avocat.com\\\/index.php\\\/en\\\/2026\\\/08\\\/30\\\/merger-control-below-the-thresholds-but-soon-within-reach-in-france\\\/#breadcrumb\"},\"inLanguage\":\"fr-FR\",\"potentialAction\":[{\"@type\":\"ReadAction\",\"target\":[\"https:\\\/\\\/sanz-avocat.com\\\/index.php\\\/en\\\/2026\\\/08\\\/30\\\/merger-control-below-the-thresholds-but-soon-within-reach-in-france\\\/\"]}]},{\"@type\":\"ImageObject\",\"inLanguage\":\"fr-FR\",\"@id\":\"https:\\\/\\\/sanz-avocat.com\\\/index.php\\\/en\\\/2026\\\/08\\\/30\\\/merger-control-below-the-thresholds-but-soon-within-reach-in-france\\\/#primaryimage\",\"url\":\"https:\\\/\\\/sanz-avocat.com\\\/wp-content\\\/uploads\\\/2026\\\/08\\\/sous-les-seuils-scaled.jpg\",\"contentUrl\":\"https:\\\/\\\/sanz-avocat.com\\\/wp-content\\\/uploads\\\/2026\\\/08\\\/sous-les-seuils-scaled.jpg\",\"width\":1920,\"height\":2560},{\"@type\":\"BreadcrumbList\",\"@id\":\"https:\\\/\\\/sanz-avocat.com\\\/index.php\\\/en\\\/2026\\\/08\\\/30\\\/merger-control-below-the-thresholds-but-soon-within-reach-in-france\\\/#breadcrumb\",\"itemListElement\":[{\"@type\":\"ListItem\",\"position\":1,\"name\":\"Accueil\",\"item\":\"https:\\\/\\\/sanz-avocat.com\\\/\"},{\"@type\":\"ListItem\",\"position\":2,\"name\":\"Merger Control: Below the Thresholds, but Soon Within Reach in France?\"}]},{\"@type\":\"WebSite\",\"@id\":\"https:\\\/\\\/sanz-avocat.com\\\/#website\",\"url\":\"https:\\\/\\\/sanz-avocat.com\\\/\",\"name\":\"SANZ | AVOCAT\",\"description\":\"Le droit \u00e9conomique sur mesure\",\"publisher\":{\"@id\":\"https:\\\/\\\/sanz-avocat.com\\\/#organization\"},\"potentialAction\":[{\"@type\":\"SearchAction\",\"target\":{\"@type\":\"EntryPoint\",\"urlTemplate\":\"https:\\\/\\\/sanz-avocat.com\\\/?s={search_term_string}\"},\"query-input\":{\"@type\":\"PropertyValueSpecification\",\"valueRequired\":true,\"valueName\":\"search_term_string\"}}],\"inLanguage\":\"fr-FR\"},{\"@type\":\"Organization\",\"@id\":\"https:\\\/\\\/sanz-avocat.com\\\/#organization\",\"name\":\"SANZ | AVOCAT\",\"url\":\"https:\\\/\\\/sanz-avocat.com\\\/\",\"logo\":{\"@type\":\"ImageObject\",\"inLanguage\":\"fr-FR\",\"@id\":\"https:\\\/\\\/sanz-avocat.com\\\/#\\\/schema\\\/logo\\\/image\\\/\",\"url\":\"https:\\\/\\\/sanz-avocat.com\\\/wp-content\\\/uploads\\\/2026\\\/08\\\/Logo2-1.png\",\"contentUrl\":\"https:\\\/\\\/sanz-avocat.com\\\/wp-content\\\/uploads\\\/2026\\\/08\\\/Logo2-1.png\",\"width\":628,\"height\":450,\"caption\":\"SANZ | AVOCAT\"},\"image\":{\"@id\":\"https:\\\/\\\/sanz-avocat.com\\\/#\\\/schema\\\/logo\\\/image\\\/\"}},{\"@type\":\"Person\",\"@id\":\"https:\\\/\\\/sanz-avocat.com\\\/#\\\/schema\\\/person\\\/83c1734deb3842510e8244c3c8ee6d55\",\"name\":\"Arnaud Sanz\",\"pronouns\":\"il\",\"image\":{\"@type\":\"ImageObject\",\"inLanguage\":\"fr-FR\",\"@id\":\"https:\\\/\\\/secure.gravatar.com\\\/avatar\\\/d02419ea3b2818418c3cc90ab186b7c2dae9e4192b0a2427b743bc226a45227b?s=96&d=mm&r=g\",\"url\":\"https:\\\/\\\/secure.gravatar.com\\\/avatar\\\/d02419ea3b2818418c3cc90ab186b7c2dae9e4192b0a2427b743bc226a45227b?s=96&d=mm&r=g\",\"contentUrl\":\"https:\\\/\\\/secure.gravatar.com\\\/avatar\\\/d02419ea3b2818418c3cc90ab186b7c2dae9e4192b0a2427b743bc226a45227b?s=96&d=mm&r=g\",\"caption\":\"Arnaud Sanz\"},\"description\":\"Arnaud Sanz (cabinet SANZ | AVOCAT) est un avocat inscrit au Barreau de Paris, sp\u00e9cialis\u00e9 en droit de la concurrence, distribution, contrats et consommation. Apr\u00e8s avoir exerc\u00e9 en Droit Economique pendant plus de 20 ans dans des cabinets d\u2019avocats internationaux de r\u00e9f\u00e9rence, Arnaud Sanz met \u00e0 la disposition des entreprises une expertise de haut niveau, accessible et personnalis\u00e9e.\",\"sameAs\":[\"http:\\\/\\\/sanz-avocat.com\"],\"url\":\"https:\\\/\\\/sanz-avocat.com\\\/index.php\\\/author\\\/admin8802\\\/\"}]}<\/script>\n<!-- \/ Yoast SEO plugin. -->","yoast_head_json":{"title":"Below-threshold mergers in France : Issues - SANZ | AVOCAT","description":"Below-threshold mergers in France : Issues and proposed mechanisms to strengthen scrutiny of these transactions.","robots":{"index":"index","follow":"follow","max-snippet":"max-snippet:-1","max-image-preview":"max-image-preview:large","max-video-preview":"max-video-preview:-1"},"canonical":"https:\/\/sanz-avocat.com\/index.php\/en\/2026\/08\/30\/merger-control-below-the-thresholds-but-soon-within-reach-in-france\/","og_locale":"fr_FR","og_type":"article","og_title":"Below-threshold mergers in France : Issues - SANZ | AVOCAT","og_description":"Below-threshold mergers in France : Issues and proposed mechanisms to strengthen scrutiny of these transactions.","og_url":"https:\/\/sanz-avocat.com\/index.php\/en\/2026\/08\/30\/merger-control-below-the-thresholds-but-soon-within-reach-in-france\/","og_site_name":"SANZ | AVOCAT","article_published_time":"2026-08-30T19:17:52+00:00","article_modified_time":"2026-09-01T04:29:11+00:00","og_image":[{"width":1920,"height":2560,"url":"https:\/\/sanz-avocat.com\/wp-content\/uploads\/2026\/08\/sous-les-seuils-scaled.jpg","type":"image\/jpeg"}],"author":"Arnaud Sanz","twitter_card":"summary_large_image","twitter_misc":{"\u00c9crit par":"Arnaud Sanz","Dur\u00e9e de lecture estim\u00e9e":"3 minutes"},"schema":{"@context":"https:\/\/schema.org","@graph":[{"@type":"Article","@id":"https:\/\/sanz-avocat.com\/index.php\/en\/2026\/08\/30\/merger-control-below-the-thresholds-but-soon-within-reach-in-france\/#article","isPartOf":{"@id":"https:\/\/sanz-avocat.com\/index.php\/en\/2026\/08\/30\/merger-control-below-the-thresholds-but-soon-within-reach-in-france\/"},"author":{"name":"Arnaud Sanz","@id":"https:\/\/sanz-avocat.com\/#\/schema\/person\/83c1734deb3842510e8244c3c8ee6d55"},"headline":"Merger Control: Below the Thresholds, but Soon Within Reach in France?","datePublished":"2026-08-30T19:17:52+00:00","dateModified":"2026-09-01T04:29:11+00:00","mainEntityOfPage":{"@id":"https:\/\/sanz-avocat.com\/index.php\/en\/2026\/08\/30\/merger-control-below-the-thresholds-but-soon-within-reach-in-france\/"},"wordCount":363,"commentCount":0,"publisher":{"@id":"https:\/\/sanz-avocat.com\/#organization"},"image":{"@id":"https:\/\/sanz-avocat.com\/index.php\/en\/2026\/08\/30\/merger-control-below-the-thresholds-but-soon-within-reach-in-france\/#primaryimage"},"thumbnailUrl":"https:\/\/sanz-avocat.com\/wp-content\/uploads\/2026\/08\/sous-les-seuils-scaled.jpg","articleSection":["Competition law issues in M&amp;A"],"inLanguage":"fr-FR","potentialAction":[{"@type":"CommentAction","name":"Comment","target":["https:\/\/sanz-avocat.com\/index.php\/en\/2026\/08\/30\/merger-control-below-the-thresholds-but-soon-within-reach-in-france\/#respond"]}]},{"@type":"WebPage","@id":"https:\/\/sanz-avocat.com\/index.php\/en\/2026\/08\/30\/merger-control-below-the-thresholds-but-soon-within-reach-in-france\/","url":"https:\/\/sanz-avocat.com\/index.php\/en\/2026\/08\/30\/merger-control-below-the-thresholds-but-soon-within-reach-in-france\/","name":"Below-threshold mergers in France : Issues - SANZ | AVOCAT","isPartOf":{"@id":"https:\/\/sanz-avocat.com\/#website"},"primaryImageOfPage":{"@id":"https:\/\/sanz-avocat.com\/index.php\/en\/2026\/08\/30\/merger-control-below-the-thresholds-but-soon-within-reach-in-france\/#primaryimage"},"image":{"@id":"https:\/\/sanz-avocat.com\/index.php\/en\/2026\/08\/30\/merger-control-below-the-thresholds-but-soon-within-reach-in-france\/#primaryimage"},"thumbnailUrl":"https:\/\/sanz-avocat.com\/wp-content\/uploads\/2026\/08\/sous-les-seuils-scaled.jpg","datePublished":"2026-08-30T19:17:52+00:00","dateModified":"2026-09-01T04:29:11+00:00","description":"Below-threshold mergers in France : Issues and proposed mechanisms to strengthen scrutiny of these transactions.","breadcrumb":{"@id":"https:\/\/sanz-avocat.com\/index.php\/en\/2026\/08\/30\/merger-control-below-the-thresholds-but-soon-within-reach-in-france\/#breadcrumb"},"inLanguage":"fr-FR","potentialAction":[{"@type":"ReadAction","target":["https:\/\/sanz-avocat.com\/index.php\/en\/2026\/08\/30\/merger-control-below-the-thresholds-but-soon-within-reach-in-france\/"]}]},{"@type":"ImageObject","inLanguage":"fr-FR","@id":"https:\/\/sanz-avocat.com\/index.php\/en\/2026\/08\/30\/merger-control-below-the-thresholds-but-soon-within-reach-in-france\/#primaryimage","url":"https:\/\/sanz-avocat.com\/wp-content\/uploads\/2026\/08\/sous-les-seuils-scaled.jpg","contentUrl":"https:\/\/sanz-avocat.com\/wp-content\/uploads\/2026\/08\/sous-les-seuils-scaled.jpg","width":1920,"height":2560},{"@type":"BreadcrumbList","@id":"https:\/\/sanz-avocat.com\/index.php\/en\/2026\/08\/30\/merger-control-below-the-thresholds-but-soon-within-reach-in-france\/#breadcrumb","itemListElement":[{"@type":"ListItem","position":1,"name":"Accueil","item":"https:\/\/sanz-avocat.com\/"},{"@type":"ListItem","position":2,"name":"Merger Control: Below the Thresholds, but Soon Within Reach in France?"}]},{"@type":"WebSite","@id":"https:\/\/sanz-avocat.com\/#website","url":"https:\/\/sanz-avocat.com\/","name":"SANZ | AVOCAT","description":"Le droit \u00e9conomique sur mesure","publisher":{"@id":"https:\/\/sanz-avocat.com\/#organization"},"potentialAction":[{"@type":"SearchAction","target":{"@type":"EntryPoint","urlTemplate":"https:\/\/sanz-avocat.com\/?s={search_term_string}"},"query-input":{"@type":"PropertyValueSpecification","valueRequired":true,"valueName":"search_term_string"}}],"inLanguage":"fr-FR"},{"@type":"Organization","@id":"https:\/\/sanz-avocat.com\/#organization","name":"SANZ | AVOCAT","url":"https:\/\/sanz-avocat.com\/","logo":{"@type":"ImageObject","inLanguage":"fr-FR","@id":"https:\/\/sanz-avocat.com\/#\/schema\/logo\/image\/","url":"https:\/\/sanz-avocat.com\/wp-content\/uploads\/2026\/08\/Logo2-1.png","contentUrl":"https:\/\/sanz-avocat.com\/wp-content\/uploads\/2026\/08\/Logo2-1.png","width":628,"height":450,"caption":"SANZ | AVOCAT"},"image":{"@id":"https:\/\/sanz-avocat.com\/#\/schema\/logo\/image\/"}},{"@type":"Person","@id":"https:\/\/sanz-avocat.com\/#\/schema\/person\/83c1734deb3842510e8244c3c8ee6d55","name":"Arnaud Sanz","pronouns":"il","image":{"@type":"ImageObject","inLanguage":"fr-FR","@id":"https:\/\/secure.gravatar.com\/avatar\/d02419ea3b2818418c3cc90ab186b7c2dae9e4192b0a2427b743bc226a45227b?s=96&d=mm&r=g","url":"https:\/\/secure.gravatar.com\/avatar\/d02419ea3b2818418c3cc90ab186b7c2dae9e4192b0a2427b743bc226a45227b?s=96&d=mm&r=g","contentUrl":"https:\/\/secure.gravatar.com\/avatar\/d02419ea3b2818418c3cc90ab186b7c2dae9e4192b0a2427b743bc226a45227b?s=96&d=mm&r=g","caption":"Arnaud Sanz"},"description":"Arnaud Sanz (cabinet SANZ | AVOCAT) est un avocat inscrit au Barreau de Paris, sp\u00e9cialis\u00e9 en droit de la concurrence, distribution, contrats et consommation. Apr\u00e8s avoir exerc\u00e9 en Droit Economique pendant plus de 20 ans dans des cabinets d\u2019avocats internationaux de r\u00e9f\u00e9rence, Arnaud Sanz met \u00e0 la disposition des entreprises une expertise de haut niveau, accessible et personnalis\u00e9e.","sameAs":["http:\/\/sanz-avocat.com"],"url":"https:\/\/sanz-avocat.com\/index.php\/author\/admin8802\/"}]}},"_links":{"self":[{"href":"https:\/\/sanz-avocat.com\/index.php\/wp-json\/wp\/v2\/posts\/888","targetHints":{"allow":["GET"]}}],"collection":[{"href":"https:\/\/sanz-avocat.com\/index.php\/wp-json\/wp\/v2\/posts"}],"about":[{"href":"https:\/\/sanz-avocat.com\/index.php\/wp-json\/wp\/v2\/types\/post"}],"author":[{"embeddable":true,"href":"https:\/\/sanz-avocat.com\/index.php\/wp-json\/wp\/v2\/users\/1"}],"replies":[{"embeddable":true,"href":"https:\/\/sanz-avocat.com\/index.php\/wp-json\/wp\/v2\/comments?post=888"}],"version-history":[{"count":8,"href":"https:\/\/sanz-avocat.com\/index.php\/wp-json\/wp\/v2\/posts\/888\/revisions"}],"predecessor-version":[{"id":991,"href":"https:\/\/sanz-avocat.com\/index.php\/wp-json\/wp\/v2\/posts\/888\/revisions\/991"}],"wp:featuredmedia":[{"embeddable":true,"href":"https:\/\/sanz-avocat.com\/index.php\/wp-json\/wp\/v2\/media\/851"}],"wp:attachment":[{"href":"https:\/\/sanz-avocat.com\/index.php\/wp-json\/wp\/v2\/media?parent=888"}],"wp:term":[{"taxonomy":"category","embeddable":true,"href":"https:\/\/sanz-avocat.com\/index.php\/wp-json\/wp\/v2\/categories?post=888"},{"taxonomy":"post_tag","embeddable":true,"href":"https:\/\/sanz-avocat.com\/index.php\/wp-json\/wp\/v2\/tags?post=888"}],"curies":[{"name":"wp","href":"https:\/\/api.w.org\/{rel}","templated":true}]}}